{"id":637,"date":"2022-02-05T13:54:37","date_gmt":"2022-02-05T13:54:37","guid":{"rendered":"http:\/\/julia-arend-handgestrickt.de\/?p=637"},"modified":"2022-02-05T13:54:37","modified_gmt":"2022-02-05T13:54:37","slug":"neue-mitbewohner","status":"publish","type":"post","link":"https:\/\/julia-arend-handgestrickt.de\/?p=637","title":{"rendered":"Neue Mitbewohner"},"content":{"rendered":"<p>Im letzten Jahr gab es tats\u00e4chlich Zeiten, in denen ich nicht gewerkelt habe. Das lag dann daran, dass ich\u00a0 unbedingt ein Katzenkind streicheln musste, welches es sich auf meinem Scho\u00df bequem gemacht hatte. Und da hilft dann ja alles nix. Da muss man sich halt f\u00fcgen.<\/p>\n<p><img decoding=\"async\" loading=\"lazy\" class=\"size-medium wp-image-653 aligncenter\" src=\"http:\/\/julia-arend-handgestrickt.de\/wp-content\/uploads\/2022\/02\/IMG_20210622_185247-166x300.jpg\" alt=\"\" width=\"166\" height=\"300\" srcset=\"https:\/\/julia-arend-handgestrickt.de\/wp-content\/uploads\/2022\/02\/IMG_20210622_185247-166x300.jpg 166w, https:\/\/julia-arend-handgestrickt.de\/wp-content\/uploads\/2022\/02\/IMG_20210622_185247-768x1384.jpg 768w, https:\/\/julia-arend-handgestrickt.de\/wp-content\/uploads\/2022\/02\/IMG_20210622_185247-568x1024.jpg 568w, https:\/\/julia-arend-handgestrickt.de\/wp-content\/uploads\/2022\/02\/IMG_20210622_185247.jpg 1349w\" sizes=\"(max-width: 166px) 100vw, 166px\" \/><\/p>\n<p><img decoding=\"async\" loading=\"lazy\" class=\"size-medium wp-image-652 aligncenter\" src=\"http:\/\/julia-arend-handgestrickt.de\/wp-content\/uploads\/2022\/02\/IMG_20210622_185602-300x300.jpg\" alt=\"\" width=\"300\" height=\"300\" srcset=\"https:\/\/julia-arend-handgestrickt.de\/wp-content\/uploads\/2022\/02\/IMG_20210622_185602-300x300.jpg 300w, https:\/\/julia-arend-handgestrickt.de\/wp-content\/uploads\/2022\/02\/IMG_20210622_185602-150x150.jpg 150w, https:\/\/julia-arend-handgestrickt.de\/wp-content\/uploads\/2022\/02\/IMG_20210622_185602-768x768.jpg 768w, https:\/\/julia-arend-handgestrickt.de\/wp-content\/uploads\/2022\/02\/IMG_20210622_185602-1024x1024.jpg 1024w, https:\/\/julia-arend-handgestrickt.de\/wp-content\/uploads\/2022\/02\/IMG_20210622_185602.jpg 1718w\" sizes=\"(max-width: 300px) 100vw, 300px\" \/><\/p>\n<p><img decoding=\"async\" loading=\"lazy\" class=\"aligncenter size-medium wp-image-651\" src=\"http:\/\/julia-arend-handgestrickt.de\/wp-content\/uploads\/2022\/02\/IMG_20210621_172618-300x225.jpg\" alt=\"\" width=\"300\" height=\"225\" srcset=\"https:\/\/julia-arend-handgestrickt.de\/wp-content\/uploads\/2022\/02\/IMG_20210621_172618-300x225.jpg 300w, https:\/\/julia-arend-handgestrickt.de\/wp-content\/uploads\/2022\/02\/IMG_20210621_172618-768x576.jpg 768w, https:\/\/julia-arend-handgestrickt.de\/wp-content\/uploads\/2022\/02\/IMG_20210621_172618-1024x768.jpg 1024w\" sizes=\"(max-width: 300px) 100vw, 300px\" \/><\/p>\n<p>&nbsp;<\/p>\n<p>Das soll nicht hei\u00dfen, dass ich gar nichts gewerkelt habe. Ein bisschen ist nat\u00fcrlich schon entstanden. Zum Beispiel die Yuletide-Blanket von Attic24:<\/p>\n<p><img decoding=\"async\" loading=\"lazy\" class=\"aligncenter size-medium wp-image-639\" src=\"http:\/\/julia-arend-handgestrickt.de\/wp-content\/uploads\/2022\/02\/PXL_20211127_201217459-300x300.jpg\" alt=\"\" width=\"300\" height=\"300\" srcset=\"https:\/\/julia-arend-handgestrickt.de\/wp-content\/uploads\/2022\/02\/PXL_20211127_201217459-300x300.jpg 300w, https:\/\/julia-arend-handgestrickt.de\/wp-content\/uploads\/2022\/02\/PXL_20211127_201217459-150x150.jpg 150w, https:\/\/julia-arend-handgestrickt.de\/wp-content\/uploads\/2022\/02\/PXL_20211127_201217459-768x768.jpg 768w, https:\/\/julia-arend-handgestrickt.de\/wp-content\/uploads\/2022\/02\/PXL_20211127_201217459-1024x1024.jpg 1024w\" sizes=\"(max-width: 300px) 100vw, 300px\" \/><\/p>\n<p><img decoding=\"async\" loading=\"lazy\" class=\"aligncenter size-medium wp-image-638\" src=\"http:\/\/julia-arend-handgestrickt.de\/wp-content\/uploads\/2022\/02\/PXL_20211224_124913096-226x300.jpg\" alt=\"\" width=\"226\" height=\"300\" srcset=\"https:\/\/julia-arend-handgestrickt.de\/wp-content\/uploads\/2022\/02\/PXL_20211224_124913096-226x300.jpg 226w, https:\/\/julia-arend-handgestrickt.de\/wp-content\/uploads\/2022\/02\/PXL_20211224_124913096-768x1020.jpg 768w, https:\/\/julia-arend-handgestrickt.de\/wp-content\/uploads\/2022\/02\/PXL_20211224_124913096-771x1024.jpg 771w\" sizes=\"(max-width: 226px) 100vw, 226px\" \/><\/p>\n<p>&nbsp;<\/p>\n<p>Jede Menge Armstulpen. Davon kann man ja nie genug haben&#8230;&#8230;.<\/p>\n<p><img decoding=\"async\" loading=\"lazy\" class=\"size-medium wp-image-641 aligncenter\" src=\"http:\/\/julia-arend-handgestrickt.de\/wp-content\/uploads\/2022\/02\/IMG_20211010_152924-291x300.jpg\" alt=\"\" width=\"291\" height=\"300\" srcset=\"https:\/\/julia-arend-handgestrickt.de\/wp-content\/uploads\/2022\/02\/IMG_20211010_152924-291x300.jpg 291w, https:\/\/julia-arend-handgestrickt.de\/wp-content\/uploads\/2022\/02\/IMG_20211010_152924-768x792.jpg 768w, https:\/\/julia-arend-handgestrickt.de\/wp-content\/uploads\/2022\/02\/IMG_20211010_152924-993x1024.jpg 993w\" sizes=\"(max-width: 291px) 100vw, 291px\" \/><\/p>\n<p>&nbsp;<\/p>\n<p>Ein weiteres Nightshift-Tuch habe ich gestrickt:<\/p>\n<p><img decoding=\"async\" loading=\"lazy\" class=\"size-medium wp-image-646 aligncenter\" src=\"http:\/\/julia-arend-handgestrickt.de\/wp-content\/uploads\/2022\/02\/IMG_20210725_151413-300x300.jpg\" alt=\"\" width=\"300\" height=\"300\" srcset=\"https:\/\/julia-arend-handgestrickt.de\/wp-content\/uploads\/2022\/02\/IMG_20210725_151413-300x300.jpg 300w, https:\/\/julia-arend-handgestrickt.de\/wp-content\/uploads\/2022\/02\/IMG_20210725_151413-150x150.jpg 150w, https:\/\/julia-arend-handgestrickt.de\/wp-content\/uploads\/2022\/02\/IMG_20210725_151413-768x767.jpg 768w, https:\/\/julia-arend-handgestrickt.de\/wp-content\/uploads\/2022\/02\/IMG_20210725_151413-1024x1024.jpg 1024w\" sizes=\"(max-width: 300px) 100vw, 300px\" \/><\/p>\n<p>&nbsp;<\/p>\n<p>Auch sommerliche H\u00e4keldecken in fr\u00f6hlichen Farben sind entstanden:<\/p>\n<p><img decoding=\"async\" loading=\"lazy\" class=\"size-medium wp-image-645 aligncenter\" src=\"http:\/\/julia-arend-handgestrickt.de\/wp-content\/uploads\/2022\/02\/IMG_20210725_151306-300x300.jpg\" alt=\"\" width=\"300\" height=\"300\" srcset=\"https:\/\/julia-arend-handgestrickt.de\/wp-content\/uploads\/2022\/02\/IMG_20210725_151306-300x300.jpg 300w, https:\/\/julia-arend-handgestrickt.de\/wp-content\/uploads\/2022\/02\/IMG_20210725_151306-150x150.jpg 150w, https:\/\/julia-arend-handgestrickt.de\/wp-content\/uploads\/2022\/02\/IMG_20210725_151306-768x767.jpg 768w, https:\/\/julia-arend-handgestrickt.de\/wp-content\/uploads\/2022\/02\/IMG_20210725_151306-1024x1024.jpg 1024w\" sizes=\"(max-width: 300px) 100vw, 300px\" \/><\/p>\n<p>&nbsp;<\/p>\n<p><img decoding=\"async\" loading=\"lazy\" class=\"size-medium wp-image-650 aligncenter\" src=\"http:\/\/julia-arend-handgestrickt.de\/wp-content\/uploads\/2022\/02\/IMG_20210626_134425-300x300.jpg\" alt=\"\" width=\"300\" height=\"300\" srcset=\"https:\/\/julia-arend-handgestrickt.de\/wp-content\/uploads\/2022\/02\/IMG_20210626_134425-300x300.jpg 300w, https:\/\/julia-arend-handgestrickt.de\/wp-content\/uploads\/2022\/02\/IMG_20210626_134425-150x150.jpg 150w, https:\/\/julia-arend-handgestrickt.de\/wp-content\/uploads\/2022\/02\/IMG_20210626_134425-768x768.jpg 768w, https:\/\/julia-arend-handgestrickt.de\/wp-content\/uploads\/2022\/02\/IMG_20210626_134425-1024x1024.jpg 1024w, https:\/\/julia-arend-handgestrickt.de\/wp-content\/uploads\/2022\/02\/IMG_20210626_134425.jpg 1920w\" sizes=\"(max-width: 300px) 100vw, 300px\" \/><\/p>\n<p>&nbsp;<\/p>\n<p>Manchmal unter etwas erschwerten Bedingungen, aber was solls:<\/p>\n<p><img decoding=\"async\" loading=\"lazy\" class=\"size-medium wp-image-647 aligncenter\" src=\"http:\/\/julia-arend-handgestrickt.de\/wp-content\/uploads\/2022\/02\/IMG_20210716_212523-266x300.jpg\" alt=\"\" width=\"266\" height=\"300\" srcset=\"https:\/\/julia-arend-handgestrickt.de\/wp-content\/uploads\/2022\/02\/IMG_20210716_212523-266x300.jpg 266w, https:\/\/julia-arend-handgestrickt.de\/wp-content\/uploads\/2022\/02\/IMG_20210716_212523-768x866.jpg 768w, https:\/\/julia-arend-handgestrickt.de\/wp-content\/uploads\/2022\/02\/IMG_20210716_212523-908x1024.jpg 908w, https:\/\/julia-arend-handgestrickt.de\/wp-content\/uploads\/2022\/02\/IMG_20210716_212523.jpg 1736w\" sizes=\"(max-width: 266px) 100vw, 266px\" \/><\/p>\n<p>&nbsp;<\/p>\n<p>Die ganze Familie hat die Gem\u00fctlichkeit zuhause genossen. Wenn man schon so viel zuhause ist, kann man es sich auch sch\u00f6n machen:<\/p>\n<p><img decoding=\"async\" loading=\"lazy\" class=\"size-medium wp-image-643 aligncenter\" src=\"http:\/\/julia-arend-handgestrickt.de\/wp-content\/uploads\/2022\/02\/IMG_20210831_101037-231x300.jpg\" alt=\"\" width=\"231\" height=\"300\" srcset=\"https:\/\/julia-arend-handgestrickt.de\/wp-content\/uploads\/2022\/02\/IMG_20210831_101037-231x300.jpg 231w, https:\/\/julia-arend-handgestrickt.de\/wp-content\/uploads\/2022\/02\/IMG_20210831_101037-768x998.jpg 768w, https:\/\/julia-arend-handgestrickt.de\/wp-content\/uploads\/2022\/02\/IMG_20210831_101037-788x1024.jpg 788w\" sizes=\"(max-width: 231px) 100vw, 231px\" \/><\/p>\n<p>&nbsp;<\/p>\n<p><img decoding=\"async\" loading=\"lazy\" class=\"size-medium wp-image-644 aligncenter\" src=\"http:\/\/julia-arend-handgestrickt.de\/wp-content\/uploads\/2022\/02\/IMG_20210821_124133-225x300.jpg\" alt=\"\" width=\"225\" height=\"300\" srcset=\"https:\/\/julia-arend-handgestrickt.de\/wp-content\/uploads\/2022\/02\/IMG_20210821_124133-225x300.jpg 225w, https:\/\/julia-arend-handgestrickt.de\/wp-content\/uploads\/2022\/02\/IMG_20210821_124133-768x1024.jpg 768w\" sizes=\"(max-width: 225px) 100vw, 225px\" \/><\/p>\n<p>&nbsp;<\/p>\n<p><img decoding=\"async\" loading=\"lazy\" class=\"aligncenter size-medium wp-image-649\" src=\"http:\/\/julia-arend-handgestrickt.de\/wp-content\/uploads\/2022\/02\/IMG_20210626_145521-225x300.jpg\" alt=\"\" width=\"225\" height=\"300\" srcset=\"https:\/\/julia-arend-handgestrickt.de\/wp-content\/uploads\/2022\/02\/IMG_20210626_145521-225x300.jpg 225w, https:\/\/julia-arend-handgestrickt.de\/wp-content\/uploads\/2022\/02\/IMG_20210626_145521-768x1024.jpg 768w\" sizes=\"(max-width: 225px) 100vw, 225px\" \/><\/p>\n","protected":false},"excerpt":{"rendered":"<p>Im letzten Jahr gab es tats\u00e4chlich Zeiten, in denen ich nicht gewerkelt habe. Das lag dann daran, dass ich\u00a0 unbedingt ein Katzenkind streicheln musste, welches es sich auf meinem Scho\u00df bequem gemacht hatte. Und da hilft dann ja alles nix. Da muss man sich halt f\u00fcgen. &nbsp; Das soll nicht hei\u00dfen, dass ich gar nichts &hellip; <a href=\"https:\/\/julia-arend-handgestrickt.de\/?p=637\" class=\"more-link\"><span class=\"screen-reader-text\">Neue Mitbewohner<\/span> weiterlesen <span class=\"meta-nav\">&rarr;<\/span><\/a><\/p>\n","protected":false},"author":2,"featured_media":648,"comment_status":"closed","ping_status":"closed","sticky":false,"template":"","format":"standard","meta":[],"categories":[7,5,9,8,6],"tags":[],"_links":{"self":[{"href":"https:\/\/julia-arend-handgestrickt.de\/index.php?rest_route=\/wp\/v2\/posts\/637"}],"collection":[{"href":"https:\/\/julia-arend-handgestrickt.de\/index.php?rest_route=\/wp\/v2\/posts"}],"about":[{"href":"https:\/\/julia-arend-handgestrickt.de\/index.php?rest_route=\/wp\/v2\/types\/post"}],"author":[{"embeddable":true,"href":"https:\/\/julia-arend-handgestrickt.de\/index.php?rest_route=\/wp\/v2\/users\/2"}],"replies":[{"embeddable":true,"href":"https:\/\/julia-arend-handgestrickt.de\/index.php?rest_route=%2Fwp%2Fv2%2Fcomments&post=637"}],"version-history":[{"count":4,"href":"https:\/\/julia-arend-handgestrickt.de\/index.php?rest_route=\/wp\/v2\/posts\/637\/revisions"}],"predecessor-version":[{"id":657,"href":"https:\/\/julia-arend-handgestrickt.de\/index.php?rest_route=\/wp\/v2\/posts\/637\/revisions\/657"}],"wp:featuredmedia":[{"embeddable":true,"href":"https:\/\/julia-arend-handgestrickt.de\/index.php?rest_route=\/wp\/v2\/media\/648"}],"wp:attachment":[{"href":"https:\/\/julia-arend-handgestrickt.de\/index.php?rest_route=%2Fwp%2Fv2%2Fmedia&parent=637"}],"wp:term":[{"taxonomy":"category","embeddable":true,"href":"https:\/\/julia-arend-handgestrickt.de\/index.php?rest_route=%2Fwp%2Fv2%2Fcategories&post=637"},{"taxonomy":"post_tag","embeddable":true,"href":"https:\/\/julia-arend-handgestrickt.de\/index.php?rest_route=%2Fwp%2Fv2%2Ftags&post=637"}],"curies":[{"name":"wp","href":"https:\/\/api.w.org\/{rel}","templated":true}]}}