{"id":559,"date":"2021-03-28T13:14:53","date_gmt":"2021-03-28T13:14:53","guid":{"rendered":"http:\/\/julia-arend-handgestrickt.de\/?p=559"},"modified":"2021-03-28T13:36:49","modified_gmt":"2021-03-28T13:36:49","slug":"handmade","status":"publish","type":"post","link":"https:\/\/julia-arend-handgestrickt.de\/?p=559","title":{"rendered":"Handmade"},"content":{"rendered":"<p>Auch wenn ich seit \u00fcber einem Jahr meine Webseite nicht mehr aktualisiert habe, war ich nicht unt\u00e4tig.<\/p>\n<p>Es wurde gestrickt, geh\u00e4kelt, gen\u00e4ht und noch einiges mehr. Ich merke gerade, dass ich immer so Phasen habe, in denen mehr die eine oder andere T\u00e4tigkeit \u00fcberwiegt.<\/p>\n<p>In 2020 habe ich viel gen\u00e4ht. Seit dem Herbst ist wieder Stricken angesagt und vor ein paar Tagen habe ich sogar das Spinnrad wieder aktiviert.<\/p>\n<p>Alles in allem habe ich mehr Ideen, als Zeit, aber das geht wohl jedem so&#8230;&#8230;.<\/p>\n<p><img decoding=\"async\" loading=\"lazy\" class=\"size-medium wp-image-562 aligncenter\" src=\"http:\/\/julia-arend-handgestrickt.de\/wp-content\/uploads\/2021\/03\/IMG_20191122_094401-225x300.jpg\" alt=\"\" width=\"225\" height=\"300\" srcset=\"https:\/\/julia-arend-handgestrickt.de\/wp-content\/uploads\/2021\/03\/IMG_20191122_094401-225x300.jpg 225w, https:\/\/julia-arend-handgestrickt.de\/wp-content\/uploads\/2021\/03\/IMG_20191122_094401-768x1024.jpg 768w\" sizes=\"(max-width: 225px) 100vw, 225px\" \/><\/p>\n<p>&nbsp;<\/p>\n<p><img decoding=\"async\" loading=\"lazy\" class=\"size-medium wp-image-564 aligncenter\" src=\"http:\/\/julia-arend-handgestrickt.de\/wp-content\/uploads\/2021\/03\/IMG_20191122_094411-225x300.jpg\" alt=\"\" width=\"225\" height=\"300\" srcset=\"https:\/\/julia-arend-handgestrickt.de\/wp-content\/uploads\/2021\/03\/IMG_20191122_094411-225x300.jpg 225w, https:\/\/julia-arend-handgestrickt.de\/wp-content\/uploads\/2021\/03\/IMG_20191122_094411-768x1024.jpg 768w\" sizes=\"(max-width: 225px) 100vw, 225px\" \/><\/p>\n<p>&nbsp;<\/p>\n<p><img decoding=\"async\" loading=\"lazy\" class=\"size-medium wp-image-563 aligncenter\" src=\"http:\/\/julia-arend-handgestrickt.de\/wp-content\/uploads\/2021\/03\/IMG_20191122_094408-225x300.jpg\" alt=\"\" width=\"225\" height=\"300\" srcset=\"https:\/\/julia-arend-handgestrickt.de\/wp-content\/uploads\/2021\/03\/IMG_20191122_094408-225x300.jpg 225w, https:\/\/julia-arend-handgestrickt.de\/wp-content\/uploads\/2021\/03\/IMG_20191122_094408-768x1024.jpg 768w\" sizes=\"(max-width: 225px) 100vw, 225px\" \/><\/p>\n<p>&nbsp;<\/p>\n<p><img decoding=\"async\" loading=\"lazy\" class=\"size-medium wp-image-565 aligncenter\" src=\"http:\/\/julia-arend-handgestrickt.de\/wp-content\/uploads\/2021\/03\/IMG_20191130_140000-300x300.jpg\" alt=\"\" width=\"300\" height=\"300\" srcset=\"https:\/\/julia-arend-handgestrickt.de\/wp-content\/uploads\/2021\/03\/IMG_20191130_140000-300x300.jpg 300w, https:\/\/julia-arend-handgestrickt.de\/wp-content\/uploads\/2021\/03\/IMG_20191130_140000-150x150.jpg 150w, https:\/\/julia-arend-handgestrickt.de\/wp-content\/uploads\/2021\/03\/IMG_20191130_140000-768x768.jpg 768w, https:\/\/julia-arend-handgestrickt.de\/wp-content\/uploads\/2021\/03\/IMG_20191130_140000-1024x1024.jpg 1024w, https:\/\/julia-arend-handgestrickt.de\/wp-content\/uploads\/2021\/03\/IMG_20191130_140000.jpg 1614w\" sizes=\"(max-width: 300px) 100vw, 300px\" \/><\/p>\n<p>&nbsp;<\/p>\n<p><img decoding=\"async\" loading=\"lazy\" class=\"size-medium wp-image-566 aligncenter\" src=\"http:\/\/julia-arend-handgestrickt.de\/wp-content\/uploads\/2021\/03\/IMG_20191201_214204-242x300.jpg\" alt=\"\" width=\"242\" height=\"300\" srcset=\"https:\/\/julia-arend-handgestrickt.de\/wp-content\/uploads\/2021\/03\/IMG_20191201_214204-242x300.jpg 242w, https:\/\/julia-arend-handgestrickt.de\/wp-content\/uploads\/2021\/03\/IMG_20191201_214204-768x952.jpg 768w, https:\/\/julia-arend-handgestrickt.de\/wp-content\/uploads\/2021\/03\/IMG_20191201_214204-826x1024.jpg 826w, https:\/\/julia-arend-handgestrickt.de\/wp-content\/uploads\/2021\/03\/IMG_20191201_214204.jpg 1920w\" sizes=\"(max-width: 242px) 100vw, 242px\" \/><\/p>\n<p>&nbsp;<\/p>\n<p><img decoding=\"async\" loading=\"lazy\" class=\"size-medium wp-image-570 aligncenter\" src=\"http:\/\/julia-arend-handgestrickt.de\/wp-content\/uploads\/2021\/03\/IMG_20200405_155213_738-300x300.jpg\" alt=\"\" width=\"300\" height=\"300\" srcset=\"https:\/\/julia-arend-handgestrickt.de\/wp-content\/uploads\/2021\/03\/IMG_20200405_155213_738-300x300.jpg 300w, https:\/\/julia-arend-handgestrickt.de\/wp-content\/uploads\/2021\/03\/IMG_20200405_155213_738-150x150.jpg 150w, https:\/\/julia-arend-handgestrickt.de\/wp-content\/uploads\/2021\/03\/IMG_20200405_155213_738-768x768.jpg 768w, https:\/\/julia-arend-handgestrickt.de\/wp-content\/uploads\/2021\/03\/IMG_20200405_155213_738-1024x1024.jpg 1024w\" sizes=\"(max-width: 300px) 100vw, 300px\" \/><\/p>\n<p>&nbsp;<\/p>\n<p><img decoding=\"async\" loading=\"lazy\" class=\"size-medium wp-image-568 aligncenter\" src=\"http:\/\/julia-arend-handgestrickt.de\/wp-content\/uploads\/2021\/03\/IMG_20200221_091741_558-300x300.jpg\" alt=\"\" width=\"300\" height=\"300\" srcset=\"https:\/\/julia-arend-handgestrickt.de\/wp-content\/uploads\/2021\/03\/IMG_20200221_091741_558-300x300.jpg 300w, https:\/\/julia-arend-handgestrickt.de\/wp-content\/uploads\/2021\/03\/IMG_20200221_091741_558-150x150.jpg 150w, https:\/\/julia-arend-handgestrickt.de\/wp-content\/uploads\/2021\/03\/IMG_20200221_091741_558-768x768.jpg 768w, https:\/\/julia-arend-handgestrickt.de\/wp-content\/uploads\/2021\/03\/IMG_20200221_091741_558-1024x1024.jpg 1024w, https:\/\/julia-arend-handgestrickt.de\/wp-content\/uploads\/2021\/03\/IMG_20200221_091741_558.jpg 1918w\" sizes=\"(max-width: 300px) 100vw, 300px\" \/><\/p>\n<p>&nbsp;<\/p>\n<p><img decoding=\"async\" loading=\"lazy\" class=\"size-medium wp-image-569 aligncenter\" src=\"http:\/\/julia-arend-handgestrickt.de\/wp-content\/uploads\/2021\/03\/IMG_20200325_072517_078-300x300.jpg\" alt=\"\" width=\"300\" height=\"300\" srcset=\"https:\/\/julia-arend-handgestrickt.de\/wp-content\/uploads\/2021\/03\/IMG_20200325_072517_078-300x300.jpg 300w, https:\/\/julia-arend-handgestrickt.de\/wp-content\/uploads\/2021\/03\/IMG_20200325_072517_078-150x150.jpg 150w, https:\/\/julia-arend-handgestrickt.de\/wp-content\/uploads\/2021\/03\/IMG_20200325_072517_078-768x768.jpg 768w, https:\/\/julia-arend-handgestrickt.de\/wp-content\/uploads\/2021\/03\/IMG_20200325_072517_078-1024x1024.jpg 1024w, https:\/\/julia-arend-handgestrickt.de\/wp-content\/uploads\/2021\/03\/IMG_20200325_072517_078.jpg 1920w\" sizes=\"(max-width: 300px) 100vw, 300px\" \/><\/p>\n<p>&nbsp;<\/p>\n<p><img decoding=\"async\" loading=\"lazy\" class=\"size-medium wp-image-571 aligncenter\" src=\"http:\/\/julia-arend-handgestrickt.de\/wp-content\/uploads\/2021\/03\/IMG_20200524_144052_486-300x300.jpg\" alt=\"\" width=\"300\" height=\"300\" srcset=\"https:\/\/julia-arend-handgestrickt.de\/wp-content\/uploads\/2021\/03\/IMG_20200524_144052_486-300x300.jpg 300w, https:\/\/julia-arend-handgestrickt.de\/wp-content\/uploads\/2021\/03\/IMG_20200524_144052_486-150x150.jpg 150w, https:\/\/julia-arend-handgestrickt.de\/wp-content\/uploads\/2021\/03\/IMG_20200524_144052_486-768x768.jpg 768w, https:\/\/julia-arend-handgestrickt.de\/wp-content\/uploads\/2021\/03\/IMG_20200524_144052_486-1024x1024.jpg 1024w, https:\/\/julia-arend-handgestrickt.de\/wp-content\/uploads\/2021\/03\/IMG_20200524_144052_486.jpg 1918w\" sizes=\"(max-width: 300px) 100vw, 300px\" \/><\/p>\n<p>&nbsp;<\/p>\n<p><img decoding=\"async\" loading=\"lazy\" class=\"size-medium wp-image-573 aligncenter\" src=\"http:\/\/julia-arend-handgestrickt.de\/wp-content\/uploads\/2021\/03\/IMG_20200608_195816_301-300x300.jpg\" alt=\"\" width=\"300\" height=\"300\" srcset=\"https:\/\/julia-arend-handgestrickt.de\/wp-content\/uploads\/2021\/03\/IMG_20200608_195816_301-300x300.jpg 300w, https:\/\/julia-arend-handgestrickt.de\/wp-content\/uploads\/2021\/03\/IMG_20200608_195816_301-150x150.jpg 150w, https:\/\/julia-arend-handgestrickt.de\/wp-content\/uploads\/2021\/03\/IMG_20200608_195816_301-768x768.jpg 768w, https:\/\/julia-arend-handgestrickt.de\/wp-content\/uploads\/2021\/03\/IMG_20200608_195816_301-1024x1024.jpg 1024w, https:\/\/julia-arend-handgestrickt.de\/wp-content\/uploads\/2021\/03\/IMG_20200608_195816_301.jpg 1919w\" sizes=\"(max-width: 300px) 100vw, 300px\" \/><\/p>\n<p>&nbsp;<\/p>\n<p><img decoding=\"async\" loading=\"lazy\" class=\"size-medium wp-image-574 aligncenter\" src=\"http:\/\/julia-arend-handgestrickt.de\/wp-content\/uploads\/2021\/03\/IMG_20200623_161805_978-300x300.jpg\" alt=\"\" width=\"300\" height=\"300\" srcset=\"https:\/\/julia-arend-handgestrickt.de\/wp-content\/uploads\/2021\/03\/IMG_20200623_161805_978-300x300.jpg 300w, https:\/\/julia-arend-handgestrickt.de\/wp-content\/uploads\/2021\/03\/IMG_20200623_161805_978-150x150.jpg 150w, https:\/\/julia-arend-handgestrickt.de\/wp-content\/uploads\/2021\/03\/IMG_20200623_161805_978-768x768.jpg 768w, https:\/\/julia-arend-handgestrickt.de\/wp-content\/uploads\/2021\/03\/IMG_20200623_161805_978-1024x1024.jpg 1024w, https:\/\/julia-arend-handgestrickt.de\/wp-content\/uploads\/2021\/03\/IMG_20200623_161805_978.jpg 1080w\" sizes=\"(max-width: 300px) 100vw, 300px\" \/><\/p>\n<p>&nbsp;<\/p>\n<p><img decoding=\"async\" loading=\"lazy\" class=\"size-medium wp-image-575 aligncenter\" src=\"http:\/\/julia-arend-handgestrickt.de\/wp-content\/uploads\/2021\/03\/IMG_20200706_183322_360-300x300.jpg\" alt=\"\" width=\"300\" height=\"300\" srcset=\"https:\/\/julia-arend-handgestrickt.de\/wp-content\/uploads\/2021\/03\/IMG_20200706_183322_360-300x300.jpg 300w, https:\/\/julia-arend-handgestrickt.de\/wp-content\/uploads\/2021\/03\/IMG_20200706_183322_360-150x150.jpg 150w, https:\/\/julia-arend-handgestrickt.de\/wp-content\/uploads\/2021\/03\/IMG_20200706_183322_360-768x768.jpg 768w, https:\/\/julia-arend-handgestrickt.de\/wp-content\/uploads\/2021\/03\/IMG_20200706_183322_360-1024x1024.jpg 1024w, https:\/\/julia-arend-handgestrickt.de\/wp-content\/uploads\/2021\/03\/IMG_20200706_183322_360.jpg 1919w\" sizes=\"(max-width: 300px) 100vw, 300px\" \/><\/p>\n<p>&nbsp;<\/p>\n<p><img decoding=\"async\" loading=\"lazy\" class=\"size-medium wp-image-572 aligncenter\" src=\"http:\/\/julia-arend-handgestrickt.de\/wp-content\/uploads\/2021\/03\/IMG_20200606_114832_180-300x300.jpg\" alt=\"\" width=\"300\" height=\"300\" srcset=\"https:\/\/julia-arend-handgestrickt.de\/wp-content\/uploads\/2021\/03\/IMG_20200606_114832_180-300x300.jpg 300w, https:\/\/julia-arend-handgestrickt.de\/wp-content\/uploads\/2021\/03\/IMG_20200606_114832_180-150x150.jpg 150w, https:\/\/julia-arend-handgestrickt.de\/wp-content\/uploads\/2021\/03\/IMG_20200606_114832_180-768x768.jpg 768w, https:\/\/julia-arend-handgestrickt.de\/wp-content\/uploads\/2021\/03\/IMG_20200606_114832_180-1024x1024.jpg 1024w, https:\/\/julia-arend-handgestrickt.de\/wp-content\/uploads\/2021\/03\/IMG_20200606_114832_180.jpg 1919w\" sizes=\"(max-width: 300px) 100vw, 300px\" \/><\/p>\n<p>&nbsp;<\/p>\n<p><img decoding=\"async\" loading=\"lazy\" class=\"size-medium wp-image-576 aligncenter\" src=\"http:\/\/julia-arend-handgestrickt.de\/wp-content\/uploads\/2021\/03\/IMG_20200710_152616_990-300x300.jpg\" alt=\"\" width=\"300\" height=\"300\" srcset=\"https:\/\/julia-arend-handgestrickt.de\/wp-content\/uploads\/2021\/03\/IMG_20200710_152616_990-300x300.jpg 300w, https:\/\/julia-arend-handgestrickt.de\/wp-content\/uploads\/2021\/03\/IMG_20200710_152616_990-150x150.jpg 150w, https:\/\/julia-arend-handgestrickt.de\/wp-content\/uploads\/2021\/03\/IMG_20200710_152616_990-768x768.jpg 768w, https:\/\/julia-arend-handgestrickt.de\/wp-content\/uploads\/2021\/03\/IMG_20200710_152616_990-1024x1024.jpg 1024w, https:\/\/julia-arend-handgestrickt.de\/wp-content\/uploads\/2021\/03\/IMG_20200710_152616_990.jpg 1919w\" sizes=\"(max-width: 300px) 100vw, 300px\" \/><\/p>\n<p>&nbsp;<\/p>\n<p><img decoding=\"async\" loading=\"lazy\" class=\"size-medium wp-image-577 aligncenter\" src=\"http:\/\/julia-arend-handgestrickt.de\/wp-content\/uploads\/2021\/03\/IMG_20200720_171305_981-300x300.jpg\" alt=\"\" width=\"300\" height=\"300\" srcset=\"https:\/\/julia-arend-handgestrickt.de\/wp-content\/uploads\/2021\/03\/IMG_20200720_171305_981-300x300.jpg 300w, https:\/\/julia-arend-handgestrickt.de\/wp-content\/uploads\/2021\/03\/IMG_20200720_171305_981-150x150.jpg 150w, https:\/\/julia-arend-handgestrickt.de\/wp-content\/uploads\/2021\/03\/IMG_20200720_171305_981-768x768.jpg 768w, https:\/\/julia-arend-handgestrickt.de\/wp-content\/uploads\/2021\/03\/IMG_20200720_171305_981-1024x1024.jpg 1024w, https:\/\/julia-arend-handgestrickt.de\/wp-content\/uploads\/2021\/03\/IMG_20200720_171305_981.jpg 1919w\" sizes=\"(max-width: 300px) 100vw, 300px\" \/><\/p>\n<p>&nbsp;<\/p>\n<p><img decoding=\"async\" loading=\"lazy\" class=\"size-medium wp-image-578 aligncenter\" src=\"http:\/\/julia-arend-handgestrickt.de\/wp-content\/uploads\/2021\/03\/IMG_20200723_145107_643-300x300.jpg\" alt=\"\" width=\"300\" height=\"300\" srcset=\"https:\/\/julia-arend-handgestrickt.de\/wp-content\/uploads\/2021\/03\/IMG_20200723_145107_643-300x300.jpg 300w, https:\/\/julia-arend-handgestrickt.de\/wp-content\/uploads\/2021\/03\/IMG_20200723_145107_643-150x150.jpg 150w, https:\/\/julia-arend-handgestrickt.de\/wp-content\/uploads\/2021\/03\/IMG_20200723_145107_643-768x768.jpg 768w, https:\/\/julia-arend-handgestrickt.de\/wp-content\/uploads\/2021\/03\/IMG_20200723_145107_643-1024x1024.jpg 1024w, https:\/\/julia-arend-handgestrickt.de\/wp-content\/uploads\/2021\/03\/IMG_20200723_145107_643.jpg 1564w\" sizes=\"(max-width: 300px) 100vw, 300px\" \/><\/p>\n<p>&nbsp;<\/p>\n<p><img decoding=\"async\" loading=\"lazy\" class=\"size-medium wp-image-579 aligncenter\" src=\"http:\/\/julia-arend-handgestrickt.de\/wp-content\/uploads\/2021\/03\/IMG_20200905_105725_778-300x300.jpg\" alt=\"\" width=\"300\" height=\"300\" srcset=\"https:\/\/julia-arend-handgestrickt.de\/wp-content\/uploads\/2021\/03\/IMG_20200905_105725_778-300x300.jpg 300w, https:\/\/julia-arend-handgestrickt.de\/wp-content\/uploads\/2021\/03\/IMG_20200905_105725_778-150x150.jpg 150w, https:\/\/julia-arend-handgestrickt.de\/wp-content\/uploads\/2021\/03\/IMG_20200905_105725_778-768x768.jpg 768w, https:\/\/julia-arend-handgestrickt.de\/wp-content\/uploads\/2021\/03\/IMG_20200905_105725_778-1024x1024.jpg 1024w, https:\/\/julia-arend-handgestrickt.de\/wp-content\/uploads\/2021\/03\/IMG_20200905_105725_778.jpg 1919w\" sizes=\"(max-width: 300px) 100vw, 300px\" \/><\/p>\n<p>&nbsp;<\/p>\n<p><img decoding=\"async\" loading=\"lazy\" class=\"size-medium wp-image-580 aligncenter\" src=\"http:\/\/julia-arend-handgestrickt.de\/wp-content\/uploads\/2021\/03\/IMG_20200911_112036_074-300x300.jpg\" alt=\"\" width=\"300\" height=\"300\" srcset=\"https:\/\/julia-arend-handgestrickt.de\/wp-content\/uploads\/2021\/03\/IMG_20200911_112036_074-300x300.jpg 300w, https:\/\/julia-arend-handgestrickt.de\/wp-content\/uploads\/2021\/03\/IMG_20200911_112036_074-150x150.jpg 150w, https:\/\/julia-arend-handgestrickt.de\/wp-content\/uploads\/2021\/03\/IMG_20200911_112036_074-768x768.jpg 768w, https:\/\/julia-arend-handgestrickt.de\/wp-content\/uploads\/2021\/03\/IMG_20200911_112036_074-1024x1024.jpg 1024w, https:\/\/julia-arend-handgestrickt.de\/wp-content\/uploads\/2021\/03\/IMG_20200911_112036_074.jpg 1588w\" sizes=\"(max-width: 300px) 100vw, 300px\" \/><\/p>\n<p>&nbsp;<\/p>\n<p><img decoding=\"async\" loading=\"lazy\" class=\"size-medium wp-image-582 aligncenter\" src=\"http:\/\/julia-arend-handgestrickt.de\/wp-content\/uploads\/2021\/03\/IMG_20201114_123920_194-300x300.jpg\" alt=\"\" width=\"300\" height=\"300\" srcset=\"https:\/\/julia-arend-handgestrickt.de\/wp-content\/uploads\/2021\/03\/IMG_20201114_123920_194-300x300.jpg 300w, https:\/\/julia-arend-handgestrickt.de\/wp-content\/uploads\/2021\/03\/IMG_20201114_123920_194-150x150.jpg 150w, https:\/\/julia-arend-handgestrickt.de\/wp-content\/uploads\/2021\/03\/IMG_20201114_123920_194-768x768.jpg 768w, https:\/\/julia-arend-handgestrickt.de\/wp-content\/uploads\/2021\/03\/IMG_20201114_123920_194-1024x1024.jpg 1024w, https:\/\/julia-arend-handgestrickt.de\/wp-content\/uploads\/2021\/03\/IMG_20201114_123920_194.jpg 1919w\" sizes=\"(max-width: 300px) 100vw, 300px\" \/><\/p>\n<p>&nbsp;<\/p>\n<p><img decoding=\"async\" loading=\"lazy\" class=\"size-medium wp-image-583 aligncenter\" src=\"http:\/\/julia-arend-handgestrickt.de\/wp-content\/uploads\/2021\/03\/IMG_20201127_173635_463-300x225.jpg\" alt=\"\" width=\"300\" height=\"225\" srcset=\"https:\/\/julia-arend-handgestrickt.de\/wp-content\/uploads\/2021\/03\/IMG_20201127_173635_463-300x225.jpg 300w, https:\/\/julia-arend-handgestrickt.de\/wp-content\/uploads\/2021\/03\/IMG_20201127_173635_463-768x576.jpg 768w, https:\/\/julia-arend-handgestrickt.de\/wp-content\/uploads\/2021\/03\/IMG_20201127_173635_463-1024x767.jpg 1024w, https:\/\/julia-arend-handgestrickt.de\/wp-content\/uploads\/2021\/03\/IMG_20201127_173635_463.jpg 1920w\" sizes=\"(max-width: 300px) 100vw, 300px\" \/><\/p>\n<p>&nbsp;<\/p>\n<p><img decoding=\"async\" loading=\"lazy\" class=\"size-medium wp-image-584 aligncenter\" src=\"http:\/\/julia-arend-handgestrickt.de\/wp-content\/uploads\/2021\/03\/IMG_20210102_134450_701-300x300.jpg\" alt=\"\" width=\"300\" height=\"300\" srcset=\"https:\/\/julia-arend-handgestrickt.de\/wp-content\/uploads\/2021\/03\/IMG_20210102_134450_701-300x300.jpg 300w, https:\/\/julia-arend-handgestrickt.de\/wp-content\/uploads\/2021\/03\/IMG_20210102_134450_701-150x150.jpg 150w, https:\/\/julia-arend-handgestrickt.de\/wp-content\/uploads\/2021\/03\/IMG_20210102_134450_701-768x768.jpg 768w, https:\/\/julia-arend-handgestrickt.de\/wp-content\/uploads\/2021\/03\/IMG_20210102_134450_701-1024x1024.jpg 1024w, https:\/\/julia-arend-handgestrickt.de\/wp-content\/uploads\/2021\/03\/IMG_20210102_134450_701.jpg 1498w\" sizes=\"(max-width: 300px) 100vw, 300px\" \/><\/p>\n<p>&nbsp;<\/p>\n<p><img decoding=\"async\" loading=\"lazy\" class=\"wp-image-586 size-large alignnone\" src=\"http:\/\/julia-arend-handgestrickt.de\/wp-content\/uploads\/2021\/03\/IMG_20210130_120348_881-819x1024.jpg\" alt=\"\" width=\"474\" height=\"593\" srcset=\"https:\/\/julia-arend-handgestrickt.de\/wp-content\/uploads\/2021\/03\/IMG_20210130_120348_881-819x1024.jpg 819w, https:\/\/julia-arend-handgestrickt.de\/wp-content\/uploads\/2021\/03\/IMG_20210130_120348_881-240x300.jpg 240w, https:\/\/julia-arend-handgestrickt.de\/wp-content\/uploads\/2021\/03\/IMG_20210130_120348_881-768x961.jpg 768w, https:\/\/julia-arend-handgestrickt.de\/wp-content\/uploads\/2021\/03\/IMG_20210130_120348_881.jpg 1080w\" sizes=\"(max-width: 474px) 100vw, 474px\" \/><\/p>\n<p>&nbsp;<\/p>\n<p><img decoding=\"async\" loading=\"lazy\" class=\"size-medium wp-image-588 aligncenter\" src=\"http:\/\/julia-arend-handgestrickt.de\/wp-content\/uploads\/2021\/03\/IMG_20190601_121832-300x300.jpg\" alt=\"\" width=\"300\" height=\"300\" srcset=\"https:\/\/julia-arend-handgestrickt.de\/wp-content\/uploads\/2021\/03\/IMG_20190601_121832-300x300.jpg 300w, https:\/\/julia-arend-handgestrickt.de\/wp-content\/uploads\/2021\/03\/IMG_20190601_121832-150x150.jpg 150w, https:\/\/julia-arend-handgestrickt.de\/wp-content\/uploads\/2021\/03\/IMG_20190601_121832-768x768.jpg 768w, https:\/\/julia-arend-handgestrickt.de\/wp-content\/uploads\/2021\/03\/IMG_20190601_121832-1024x1024.jpg 1024w, https:\/\/julia-arend-handgestrickt.de\/wp-content\/uploads\/2021\/03\/IMG_20190601_121832.jpg 1920w\" sizes=\"(max-width: 300px) 100vw, 300px\" \/><\/p>\n<p>&nbsp;<\/p>\n<p><img decoding=\"async\" loading=\"lazy\" class=\"size-medium wp-image-587 aligncenter\" src=\"http:\/\/julia-arend-handgestrickt.de\/wp-content\/uploads\/2021\/03\/20191025_221828-COLLAGE-300x300.jpg\" alt=\"\" width=\"300\" height=\"300\" srcset=\"https:\/\/julia-arend-handgestrickt.de\/wp-content\/uploads\/2021\/03\/20191025_221828-COLLAGE-300x300.jpg 300w, https:\/\/julia-arend-handgestrickt.de\/wp-content\/uploads\/2021\/03\/20191025_221828-COLLAGE-150x150.jpg 150w, https:\/\/julia-arend-handgestrickt.de\/wp-content\/uploads\/2021\/03\/20191025_221828-COLLAGE-768x768.jpg 768w, https:\/\/julia-arend-handgestrickt.de\/wp-content\/uploads\/2021\/03\/20191025_221828-COLLAGE.jpg 1024w\" sizes=\"(max-width: 300px) 100vw, 300px\" \/><\/p>\n<p>&nbsp;<\/p>\n<p><img decoding=\"async\" loading=\"lazy\" class=\"size-medium wp-image-561 aligncenter\" src=\"http:\/\/julia-arend-handgestrickt.de\/wp-content\/uploads\/2021\/03\/IMG_20191105_182817-300x300.jpg\" alt=\"\" width=\"300\" height=\"300\" srcset=\"https:\/\/julia-arend-handgestrickt.de\/wp-content\/uploads\/2021\/03\/IMG_20191105_182817-300x300.jpg 300w, https:\/\/julia-arend-handgestrickt.de\/wp-content\/uploads\/2021\/03\/IMG_20191105_182817-150x150.jpg 150w, https:\/\/julia-arend-handgestrickt.de\/wp-content\/uploads\/2021\/03\/IMG_20191105_182817-768x768.jpg 768w, https:\/\/julia-arend-handgestrickt.de\/wp-content\/uploads\/2021\/03\/IMG_20191105_182817-1024x1024.jpg 1024w, https:\/\/julia-arend-handgestrickt.de\/wp-content\/uploads\/2021\/03\/IMG_20191105_182817.jpg 1920w\" sizes=\"(max-width: 300px) 100vw, 300px\" \/><\/p>\n<p>&nbsp;<\/p>\n<p><img decoding=\"async\" loading=\"lazy\" class=\"size-medium wp-image-581 aligncenter\" src=\"http:\/\/julia-arend-handgestrickt.de\/wp-content\/uploads\/2021\/03\/IMG_20200922_202446_712-300x300.jpg\" alt=\"\" width=\"300\" height=\"300\" srcset=\"https:\/\/julia-arend-handgestrickt.de\/wp-content\/uploads\/2021\/03\/IMG_20200922_202446_712-300x300.jpg 300w, https:\/\/julia-arend-handgestrickt.de\/wp-content\/uploads\/2021\/03\/IMG_20200922_202446_712-150x150.jpg 150w, https:\/\/julia-arend-handgestrickt.de\/wp-content\/uploads\/2021\/03\/IMG_20200922_202446_712-768x768.jpg 768w, https:\/\/julia-arend-handgestrickt.de\/wp-content\/uploads\/2021\/03\/IMG_20200922_202446_712-1024x1024.jpg 1024w, https:\/\/julia-arend-handgestrickt.de\/wp-content\/uploads\/2021\/03\/IMG_20200922_202446_712.jpg 1437w\" sizes=\"(max-width: 300px) 100vw, 300px\" \/><\/p>\n<p>&nbsp;<\/p>\n<p><img decoding=\"async\" loading=\"lazy\" class=\"size-medium wp-image-560 aligncenter\" src=\"http:\/\/julia-arend-handgestrickt.de\/wp-content\/uploads\/2021\/03\/IMG_20191002_172334-300x300.jpg\" alt=\"\" width=\"300\" height=\"300\" srcset=\"https:\/\/julia-arend-handgestrickt.de\/wp-content\/uploads\/2021\/03\/IMG_20191002_172334-300x300.jpg 300w, https:\/\/julia-arend-handgestrickt.de\/wp-content\/uploads\/2021\/03\/IMG_20191002_172334-150x150.jpg 150w, https:\/\/julia-arend-handgestrickt.de\/wp-content\/uploads\/2021\/03\/IMG_20191002_172334-768x768.jpg 768w, https:\/\/julia-arend-handgestrickt.de\/wp-content\/uploads\/2021\/03\/IMG_20191002_172334-1024x1024.jpg 1024w, https:\/\/julia-arend-handgestrickt.de\/wp-content\/uploads\/2021\/03\/IMG_20191002_172334.jpg 1744w\" sizes=\"(max-width: 300px) 100vw, 300px\" \/><\/p>\n<p>&nbsp;<\/p>\n","protected":false},"excerpt":{"rendered":"<p>Auch wenn ich seit \u00fcber einem Jahr meine Webseite nicht mehr aktualisiert habe, war ich nicht unt\u00e4tig. Es wurde gestrickt, geh\u00e4kelt, gen\u00e4ht und noch einiges mehr. Ich merke gerade, dass ich immer so Phasen habe, in denen mehr die eine oder andere T\u00e4tigkeit \u00fcberwiegt. In 2020 habe ich viel gen\u00e4ht. Seit dem Herbst ist wieder &hellip; <a href=\"https:\/\/julia-arend-handgestrickt.de\/?p=559\" class=\"more-link\"><span class=\"screen-reader-text\">Handmade<\/span> weiterlesen <span class=\"meta-nav\">&rarr;<\/span><\/a><\/p>\n","protected":false},"author":2,"featured_media":585,"comment_status":"closed","ping_status":"closed","sticky":false,"template":"","format":"standard","meta":[],"categories":[7,9,15,8],"tags":[],"_links":{"self":[{"href":"https:\/\/julia-arend-handgestrickt.de\/index.php?rest_route=\/wp\/v2\/posts\/559"}],"collection":[{"href":"https:\/\/julia-arend-handgestrickt.de\/index.php?rest_route=\/wp\/v2\/posts"}],"about":[{"href":"https:\/\/julia-arend-handgestrickt.de\/index.php?rest_route=\/wp\/v2\/types\/post"}],"author":[{"embeddable":true,"href":"https:\/\/julia-arend-handgestrickt.de\/index.php?rest_route=\/wp\/v2\/users\/2"}],"replies":[{"embeddable":true,"href":"https:\/\/julia-arend-handgestrickt.de\/index.php?rest_route=%2Fwp%2Fv2%2Fcomments&post=559"}],"version-history":[{"count":5,"href":"https:\/\/julia-arend-handgestrickt.de\/index.php?rest_route=\/wp\/v2\/posts\/559\/revisions"}],"predecessor-version":[{"id":627,"href":"https:\/\/julia-arend-handgestrickt.de\/index.php?rest_route=\/wp\/v2\/posts\/559\/revisions\/627"}],"wp:featuredmedia":[{"embeddable":true,"href":"https:\/\/julia-arend-handgestrickt.de\/index.php?rest_route=\/wp\/v2\/media\/585"}],"wp:attachment":[{"href":"https:\/\/julia-arend-handgestrickt.de\/index.php?rest_route=%2Fwp%2Fv2%2Fmedia&parent=559"}],"wp:term":[{"taxonomy":"category","embeddable":true,"href":"https:\/\/julia-arend-handgestrickt.de\/index.php?rest_route=%2Fwp%2Fv2%2Fcategories&post=559"},{"taxonomy":"post_tag","embeddable":true,"href":"https:\/\/julia-arend-handgestrickt.de\/index.php?rest_route=%2Fwp%2Fv2%2Ftags&post=559"}],"curies":[{"name":"wp","href":"https:\/\/api.w.org\/{rel}","templated":true}]}}