{"id":419,"date":"2018-05-22T16:59:07","date_gmt":"2018-05-22T16:59:07","guid":{"rendered":"http:\/\/julia-arend-handgestrickt.de\/?p=419"},"modified":"2018-05-22T16:59:07","modified_gmt":"2018-05-22T16:59:07","slug":"spinnfutter-und-gartenliebe","status":"publish","type":"post","link":"https:\/\/julia-arend-handgestrickt.de\/?p=419","title":{"rendered":"Spinnfutter und Gartenliebe"},"content":{"rendered":"<p>Wenn das Wetter so toll ist, wie jetzt gerade&#8230;. und es mich in unseren R\u00fcmpelgarten zieht&#8230;&#8230;<\/p>\n<p>&nbsp;<\/p>\n<p><img decoding=\"async\" loading=\"lazy\" class=\"aligncenter wp-image-426 size-medium\" src=\"http:\/\/julia-arend-handgestrickt.de\/wp-content\/uploads\/2018\/05\/IMG_20180429_163927-300x300.jpg\" alt=\"\" width=\"300\" height=\"300\" srcset=\"https:\/\/julia-arend-handgestrickt.de\/wp-content\/uploads\/2018\/05\/IMG_20180429_163927-300x300.jpg 300w, https:\/\/julia-arend-handgestrickt.de\/wp-content\/uploads\/2018\/05\/IMG_20180429_163927-150x150.jpg 150w, https:\/\/julia-arend-handgestrickt.de\/wp-content\/uploads\/2018\/05\/IMG_20180429_163927-768x769.jpg 768w, https:\/\/julia-arend-handgestrickt.de\/wp-content\/uploads\/2018\/05\/IMG_20180429_163927-1024x1024.jpg 1024w\" sizes=\"(max-width: 300px) 100vw, 300px\" \/><\/p>\n<p>&nbsp;<\/p>\n<p><img decoding=\"async\" loading=\"lazy\" class=\"aligncenter wp-image-421\" src=\"http:\/\/julia-arend-handgestrickt.de\/wp-content\/uploads\/2018\/05\/IMG_20180505_175404-575x1024.jpg\" alt=\"\" width=\"300\" height=\"534\" srcset=\"https:\/\/julia-arend-handgestrickt.de\/wp-content\/uploads\/2018\/05\/IMG_20180505_175404-575x1024.jpg 575w, https:\/\/julia-arend-handgestrickt.de\/wp-content\/uploads\/2018\/05\/IMG_20180505_175404-168x300.jpg 168w, https:\/\/julia-arend-handgestrickt.de\/wp-content\/uploads\/2018\/05\/IMG_20180505_175404-768x1368.jpg 768w\" sizes=\"(max-width: 300px) 100vw, 300px\" \/><\/p>\n<p>&nbsp;<\/p>\n<p><img decoding=\"async\" loading=\"lazy\" class=\"size-medium wp-image-422 aligncenter\" src=\"http:\/\/julia-arend-handgestrickt.de\/wp-content\/uploads\/2018\/05\/IMG_20180507_150351-300x300.jpg\" alt=\"\" width=\"300\" height=\"300\" srcset=\"https:\/\/julia-arend-handgestrickt.de\/wp-content\/uploads\/2018\/05\/IMG_20180507_150351-300x300.jpg 300w, https:\/\/julia-arend-handgestrickt.de\/wp-content\/uploads\/2018\/05\/IMG_20180507_150351-150x150.jpg 150w, https:\/\/julia-arend-handgestrickt.de\/wp-content\/uploads\/2018\/05\/IMG_20180507_150351-768x769.jpg 768w, https:\/\/julia-arend-handgestrickt.de\/wp-content\/uploads\/2018\/05\/IMG_20180507_150351-1024x1024.jpg 1024w\" sizes=\"(max-width: 300px) 100vw, 300px\" \/><\/p>\n<p>&nbsp;<\/p>\n<p><img decoding=\"async\" loading=\"lazy\" class=\"size-medium wp-image-423 aligncenter\" src=\"http:\/\/julia-arend-handgestrickt.de\/wp-content\/uploads\/2018\/05\/IMG_20180507_150503-300x300.jpg\" alt=\"\" width=\"300\" height=\"300\" srcset=\"https:\/\/julia-arend-handgestrickt.de\/wp-content\/uploads\/2018\/05\/IMG_20180507_150503-300x300.jpg 300w, https:\/\/julia-arend-handgestrickt.de\/wp-content\/uploads\/2018\/05\/IMG_20180507_150503-150x150.jpg 150w, https:\/\/julia-arend-handgestrickt.de\/wp-content\/uploads\/2018\/05\/IMG_20180507_150503-768x769.jpg 768w, https:\/\/julia-arend-handgestrickt.de\/wp-content\/uploads\/2018\/05\/IMG_20180507_150503-1024x1024.jpg 1024w\" sizes=\"(max-width: 300px) 100vw, 300px\" \/><\/p>\n<p>&nbsp;<\/p>\n<p><img decoding=\"async\" loading=\"lazy\" class=\"size-medium wp-image-425 aligncenter\" src=\"http:\/\/julia-arend-handgestrickt.de\/wp-content\/uploads\/2018\/05\/IMG_20180419_221947-300x300.jpg\" alt=\"\" width=\"300\" height=\"300\" srcset=\"https:\/\/julia-arend-handgestrickt.de\/wp-content\/uploads\/2018\/05\/IMG_20180419_221947-300x300.jpg 300w, https:\/\/julia-arend-handgestrickt.de\/wp-content\/uploads\/2018\/05\/IMG_20180419_221947-150x150.jpg 150w, https:\/\/julia-arend-handgestrickt.de\/wp-content\/uploads\/2018\/05\/IMG_20180419_221947-768x768.jpg 768w, https:\/\/julia-arend-handgestrickt.de\/wp-content\/uploads\/2018\/05\/IMG_20180419_221947-1024x1024.jpg 1024w\" sizes=\"(max-width: 300px) 100vw, 300px\" \/><\/p>\n<p>&nbsp;<\/p>\n<div class=\"mceTemp\"><\/div>\n<p>Dann laden schon die Farben drau\u00dfen dazu ein, neue Fasern zu f\u00e4rben. Leicht verfalle ich dann in einen kleinen Farbenrausch.<\/p>\n<p>Ich freue mich schon drauf, die neuen bunten Fasern zu verspinnen:<\/p>\n<p>&nbsp;<\/p>\n<p><img decoding=\"async\" loading=\"lazy\" class=\"size-medium wp-image-427 aligncenter\" src=\"http:\/\/julia-arend-handgestrickt.de\/wp-content\/uploads\/2018\/05\/IMG_20180521_151313-300x300.jpg\" alt=\"\" width=\"300\" height=\"300\" srcset=\"https:\/\/julia-arend-handgestrickt.de\/wp-content\/uploads\/2018\/05\/IMG_20180521_151313-300x300.jpg 300w, https:\/\/julia-arend-handgestrickt.de\/wp-content\/uploads\/2018\/05\/IMG_20180521_151313-150x150.jpg 150w, https:\/\/julia-arend-handgestrickt.de\/wp-content\/uploads\/2018\/05\/IMG_20180521_151313-768x769.jpg 768w, https:\/\/julia-arend-handgestrickt.de\/wp-content\/uploads\/2018\/05\/IMG_20180521_151313-1024x1024.jpg 1024w\" sizes=\"(max-width: 300px) 100vw, 300px\" \/><\/p>\n<p>&nbsp;<\/p>\n<p><img decoding=\"async\" loading=\"lazy\" class=\"size-medium wp-image-428 aligncenter\" src=\"http:\/\/julia-arend-handgestrickt.de\/wp-content\/uploads\/2018\/05\/IMG_20180521_151446-300x300.jpg\" alt=\"\" width=\"300\" height=\"300\" srcset=\"https:\/\/julia-arend-handgestrickt.de\/wp-content\/uploads\/2018\/05\/IMG_20180521_151446-300x300.jpg 300w, https:\/\/julia-arend-handgestrickt.de\/wp-content\/uploads\/2018\/05\/IMG_20180521_151446-150x150.jpg 150w, https:\/\/julia-arend-handgestrickt.de\/wp-content\/uploads\/2018\/05\/IMG_20180521_151446-768x768.jpg 768w, https:\/\/julia-arend-handgestrickt.de\/wp-content\/uploads\/2018\/05\/IMG_20180521_151446-1024x1024.jpg 1024w, https:\/\/julia-arend-handgestrickt.de\/wp-content\/uploads\/2018\/05\/IMG_20180521_151446.jpg 1876w\" sizes=\"(max-width: 300px) 100vw, 300px\" \/><\/p>\n<p>&nbsp;<\/p>\n<p><img decoding=\"async\" loading=\"lazy\" class=\"size-medium wp-image-429 aligncenter\" src=\"http:\/\/julia-arend-handgestrickt.de\/wp-content\/uploads\/2018\/05\/IMG_20180521_151510-300x300.jpg\" alt=\"\" width=\"300\" height=\"300\" srcset=\"https:\/\/julia-arend-handgestrickt.de\/wp-content\/uploads\/2018\/05\/IMG_20180521_151510-300x300.jpg 300w, https:\/\/julia-arend-handgestrickt.de\/wp-content\/uploads\/2018\/05\/IMG_20180521_151510-150x150.jpg 150w, https:\/\/julia-arend-handgestrickt.de\/wp-content\/uploads\/2018\/05\/IMG_20180521_151510-768x768.jpg 768w, https:\/\/julia-arend-handgestrickt.de\/wp-content\/uploads\/2018\/05\/IMG_20180521_151510-1024x1024.jpg 1024w, https:\/\/julia-arend-handgestrickt.de\/wp-content\/uploads\/2018\/05\/IMG_20180521_151510.jpg 1793w\" sizes=\"(max-width: 300px) 100vw, 300px\" \/><\/p>\n<p>&nbsp;<\/p>\n<p>Obwohl sich die Str\u00e4nge auch drinnen als Deko ganz gut machen, wie ich finde &#8211; so f\u00fcr die Mausemanufaktur&#8230;.. als Farbtupfer&#8230;&#8230;<\/p>\n<p>&nbsp;<\/p>\n<figure id=\"attachment_430\" aria-describedby=\"caption-attachment-430\" style=\"width: 300px\" class=\"wp-caption aligncenter\"><img decoding=\"async\" loading=\"lazy\" class=\"wp-image-430\" src=\"http:\/\/julia-arend-handgestrickt.de\/wp-content\/uploads\/2018\/05\/IMG_20180522_061331-168x300.jpg\" alt=\"\" width=\"300\" height=\"534\" srcset=\"https:\/\/julia-arend-handgestrickt.de\/wp-content\/uploads\/2018\/05\/IMG_20180522_061331-168x300.jpg 168w, https:\/\/julia-arend-handgestrickt.de\/wp-content\/uploads\/2018\/05\/IMG_20180522_061331-768x1368.jpg 768w, https:\/\/julia-arend-handgestrickt.de\/wp-content\/uploads\/2018\/05\/IMG_20180522_061331-575x1024.jpg 575w\" sizes=\"(max-width: 300px) 100vw, 300px\" \/><figcaption id=\"caption-attachment-430\" class=\"wp-caption-text\">Merino und Merino-Seidenfasern<\/figcaption><\/figure>\n<p>&nbsp;<\/p>\n<p>&nbsp;<\/p>\n<p>&nbsp;<\/p>\n<p><img decoding=\"async\" loading=\"lazy\" class=\" wp-image-432 alignright\" src=\"http:\/\/julia-arend-handgestrickt.de\/wp-content\/uploads\/2018\/05\/IMG_20180513_145106-300x300.jpg\" alt=\"\" width=\"202\" height=\"202\" srcset=\"https:\/\/julia-arend-handgestrickt.de\/wp-content\/uploads\/2018\/05\/IMG_20180513_145106-300x300.jpg 300w, https:\/\/julia-arend-handgestrickt.de\/wp-content\/uploads\/2018\/05\/IMG_20180513_145106-150x150.jpg 150w, https:\/\/julia-arend-handgestrickt.de\/wp-content\/uploads\/2018\/05\/IMG_20180513_145106-768x769.jpg 768w, https:\/\/julia-arend-handgestrickt.de\/wp-content\/uploads\/2018\/05\/IMG_20180513_145106-1024x1024.jpg 1024w\" sizes=\"(max-width: 202px) 100vw, 202px\" \/><\/p>\n","protected":false},"excerpt":{"rendered":"<p>Wenn das Wetter so toll ist, wie jetzt gerade&#8230;. und es mich in unseren R\u00fcmpelgarten zieht&#8230;&#8230; &nbsp; &nbsp; &nbsp; &nbsp; &nbsp; &nbsp; Dann laden schon die Farben drau\u00dfen dazu ein, neue Fasern zu f\u00e4rben. Leicht verfalle ich dann in einen kleinen Farbenrausch. Ich freue mich schon drauf, die neuen bunten Fasern zu verspinnen: &nbsp; &nbsp; &hellip; <a href=\"https:\/\/julia-arend-handgestrickt.de\/?p=419\" class=\"more-link\"><span class=\"screen-reader-text\">Spinnfutter und Gartenliebe<\/span> weiterlesen <span class=\"meta-nav\">&rarr;<\/span><\/a><\/p>\n","protected":false},"author":2,"featured_media":0,"comment_status":"open","ping_status":"open","sticky":false,"template":"","format":"standard","meta":[],"categories":[13,11,6],"tags":[],"_links":{"self":[{"href":"https:\/\/julia-arend-handgestrickt.de\/index.php?rest_route=\/wp\/v2\/posts\/419"}],"collection":[{"href":"https:\/\/julia-arend-handgestrickt.de\/index.php?rest_route=\/wp\/v2\/posts"}],"about":[{"href":"https:\/\/julia-arend-handgestrickt.de\/index.php?rest_route=\/wp\/v2\/types\/post"}],"author":[{"embeddable":true,"href":"https:\/\/julia-arend-handgestrickt.de\/index.php?rest_route=\/wp\/v2\/users\/2"}],"replies":[{"embeddable":true,"href":"https:\/\/julia-arend-handgestrickt.de\/index.php?rest_route=%2Fwp%2Fv2%2Fcomments&post=419"}],"version-history":[{"count":3,"href":"https:\/\/julia-arend-handgestrickt.de\/index.php?rest_route=\/wp\/v2\/posts\/419\/revisions"}],"predecessor-version":[{"id":435,"href":"https:\/\/julia-arend-handgestrickt.de\/index.php?rest_route=\/wp\/v2\/posts\/419\/revisions\/435"}],"wp:attachment":[{"href":"https:\/\/julia-arend-handgestrickt.de\/index.php?rest_route=%2Fwp%2Fv2%2Fmedia&parent=419"}],"wp:term":[{"taxonomy":"category","embeddable":true,"href":"https:\/\/julia-arend-handgestrickt.de\/index.php?rest_route=%2Fwp%2Fv2%2Fcategories&post=419"},{"taxonomy":"post_tag","embeddable":true,"href":"https:\/\/julia-arend-handgestrickt.de\/index.php?rest_route=%2Fwp%2Fv2%2Ftags&post=419"}],"curies":[{"name":"wp","href":"https:\/\/api.w.org\/{rel}","templated":true}]}}