{"id":274,"date":"2018-03-08T15:32:40","date_gmt":"2018-03-08T15:32:40","guid":{"rendered":"http:\/\/julia-arend-handgestrickt.de\/?p=274"},"modified":"2018-03-08T15:32:40","modified_gmt":"2018-03-08T15:32:40","slug":"lufthauch-decke","status":"publish","type":"post","link":"https:\/\/julia-arend-handgestrickt.de\/?p=274","title":{"rendered":"Lufthauch-Decke"},"content":{"rendered":"<p>Wo ich schon bei bunten Sachen bin, die Lust auf Fr\u00fchjahr machen,\u00a0 zeige ich doch gleich noch meine Decke aus Silkhair-Garn.<\/p>\n<p>Die wiegt bei einer Gr\u00f6\u00dfe von 150 x 200 cm keine 200 Gramm.<\/p>\n<p>&nbsp;<\/p>\n<p><img decoding=\"async\" loading=\"lazy\" class=\"size-medium wp-image-276 aligncenter\" src=\"http:\/\/julia-arend-handgestrickt.de\/wp-content\/uploads\/2018\/03\/Silkhair-Decke_handgestrickt_01a-300x232.png\" alt=\"\" width=\"300\" height=\"232\" srcset=\"https:\/\/julia-arend-handgestrickt.de\/wp-content\/uploads\/2018\/03\/Silkhair-Decke_handgestrickt_01a-300x232.png 300w, https:\/\/julia-arend-handgestrickt.de\/wp-content\/uploads\/2018\/03\/Silkhair-Decke_handgestrickt_01a.png 591w\" sizes=\"(max-width: 300px) 100vw, 300px\" \/><\/p>\n<p>&nbsp;<\/p>\n<p><img decoding=\"async\" loading=\"lazy\" class=\"size-medium wp-image-275 aligncenter\" src=\"http:\/\/julia-arend-handgestrickt.de\/wp-content\/uploads\/2018\/03\/Silkhair-Decke_handgestrickt_03-300x175.png\" alt=\"\" width=\"300\" height=\"175\" srcset=\"https:\/\/julia-arend-handgestrickt.de\/wp-content\/uploads\/2018\/03\/Silkhair-Decke_handgestrickt_03-300x175.png 300w, https:\/\/julia-arend-handgestrickt.de\/wp-content\/uploads\/2018\/03\/Silkhair-Decke_handgestrickt_03.png 658w\" sizes=\"(max-width: 300px) 100vw, 300px\" \/><\/p>\n<p>&nbsp;<\/p>\n<p><img decoding=\"async\" loading=\"lazy\" class=\"size-medium wp-image-277 aligncenter\" src=\"http:\/\/julia-arend-handgestrickt.de\/wp-content\/uploads\/2018\/03\/Silkhair-Decke_handgestrickt_02-261x300.png\" alt=\"\" width=\"261\" height=\"300\" srcset=\"https:\/\/julia-arend-handgestrickt.de\/wp-content\/uploads\/2018\/03\/Silkhair-Decke_handgestrickt_02-261x300.png 261w, https:\/\/julia-arend-handgestrickt.de\/wp-content\/uploads\/2018\/03\/Silkhair-Decke_handgestrickt_02.png 623w\" sizes=\"(max-width: 261px) 100vw, 261px\" \/><\/p>\n<p>&nbsp;<\/p>\n<p>Ich habe danach noch einmal eine solche Decke gestrickt, da ich so viel von dem Garn \u00fcbrig hatte. Ich hatte mich v\u00f6llig versch\u00e4tzt dabei, wieviel davon ich brauchen w\u00fcrde. Allerdings ist es nicht wirklich entspanntes Stricken mit dem Mohair-Seiden-Gemisch.<\/p>\n","protected":false},"excerpt":{"rendered":"<p>Wo ich schon bei bunten Sachen bin, die Lust auf Fr\u00fchjahr machen,\u00a0 zeige ich doch gleich noch meine Decke aus Silkhair-Garn. Die wiegt bei einer Gr\u00f6\u00dfe von 150 x 200 cm keine 200 Gramm. &nbsp; &nbsp; &nbsp; &nbsp; Ich habe danach noch einmal eine solche Decke gestrickt, da ich so viel von dem Garn \u00fcbrig &hellip; <a href=\"https:\/\/julia-arend-handgestrickt.de\/?p=274\" class=\"more-link\"><span class=\"screen-reader-text\">Lufthauch-Decke<\/span> weiterlesen <span class=\"meta-nav\">&rarr;<\/span><\/a><\/p>\n","protected":false},"author":2,"featured_media":0,"comment_status":"open","ping_status":"open","sticky":false,"template":"","format":"standard","meta":[],"categories":[7,8],"tags":[],"_links":{"self":[{"href":"https:\/\/julia-arend-handgestrickt.de\/index.php?rest_route=\/wp\/v2\/posts\/274"}],"collection":[{"href":"https:\/\/julia-arend-handgestrickt.de\/index.php?rest_route=\/wp\/v2\/posts"}],"about":[{"href":"https:\/\/julia-arend-handgestrickt.de\/index.php?rest_route=\/wp\/v2\/types\/post"}],"author":[{"embeddable":true,"href":"https:\/\/julia-arend-handgestrickt.de\/index.php?rest_route=\/wp\/v2\/users\/2"}],"replies":[{"embeddable":true,"href":"https:\/\/julia-arend-handgestrickt.de\/index.php?rest_route=%2Fwp%2Fv2%2Fcomments&post=274"}],"version-history":[{"count":3,"href":"https:\/\/julia-arend-handgestrickt.de\/index.php?rest_route=\/wp\/v2\/posts\/274\/revisions"}],"predecessor-version":[{"id":280,"href":"https:\/\/julia-arend-handgestrickt.de\/index.php?rest_route=\/wp\/v2\/posts\/274\/revisions\/280"}],"wp:attachment":[{"href":"https:\/\/julia-arend-handgestrickt.de\/index.php?rest_route=%2Fwp%2Fv2%2Fmedia&parent=274"}],"wp:term":[{"taxonomy":"category","embeddable":true,"href":"https:\/\/julia-arend-handgestrickt.de\/index.php?rest_route=%2Fwp%2Fv2%2Fcategories&post=274"},{"taxonomy":"post_tag","embeddable":true,"href":"https:\/\/julia-arend-handgestrickt.de\/index.php?rest_route=%2Fwp%2Fv2%2Ftags&post=274"}],"curies":[{"name":"wp","href":"https:\/\/api.w.org\/{rel}","templated":true}]}}