{"id":265,"date":"2018-03-08T15:17:47","date_gmt":"2018-03-08T15:17:47","guid":{"rendered":"http:\/\/julia-arend-handgestrickt.de\/?p=265"},"modified":"2018-03-08T15:17:47","modified_gmt":"2018-03-08T15:17:47","slug":"perlmusterdecke-sisal","status":"publish","type":"post","link":"https:\/\/julia-arend-handgestrickt.de\/?p=265","title":{"rendered":"Perlmusterdecke Sisal"},"content":{"rendered":"<p>Dies ist eine der letzten Decken, die ich ohne konkreten Auftrag gestrickt habe.<\/p>\n<p>Sie eignete sich wunderbar als Geschenk zu einem runden Geburtstag.<\/p>\n<p><img decoding=\"async\" loading=\"lazy\" class=\"size-medium wp-image-266 aligncenter\" src=\"http:\/\/julia-arend-handgestrickt.de\/wp-content\/uploads\/2018\/03\/Kalender-09-20151102-191309494-300x225.jpg\" alt=\"\" width=\"300\" height=\"225\" srcset=\"https:\/\/julia-arend-handgestrickt.de\/wp-content\/uploads\/2018\/03\/Kalender-09-20151102-191309494-300x225.jpg 300w, https:\/\/julia-arend-handgestrickt.de\/wp-content\/uploads\/2018\/03\/Kalender-09-20151102-191309494-768x576.jpg 768w, https:\/\/julia-arend-handgestrickt.de\/wp-content\/uploads\/2018\/03\/Kalender-09-20151102-191309494-1024x768.jpg 1024w\" sizes=\"(max-width: 300px) 100vw, 300px\" \/><\/p>\n<p>Kombiniert habe ich das Sisal mit Burgund, Jeansblau und hellem\u00a0 Moosgr\u00fcn. Die Kissen haben ein Zopfmuster und ich habe bei ihnen ge\u00fcbt, Rei\u00dfverschl\u00fcsse\u00a0 einzun\u00e4hen.<\/p>\n","protected":false},"excerpt":{"rendered":"<p>Dies ist eine der letzten Decken, die ich ohne konkreten Auftrag gestrickt habe. Sie eignete sich wunderbar als Geschenk zu einem runden Geburtstag. Kombiniert habe ich das Sisal mit Burgund, Jeansblau und hellem\u00a0 Moosgr\u00fcn. Die Kissen haben ein Zopfmuster und ich habe bei ihnen ge\u00fcbt, Rei\u00dfverschl\u00fcsse\u00a0 einzun\u00e4hen.<\/p>\n","protected":false},"author":2,"featured_media":0,"comment_status":"open","ping_status":"open","sticky":false,"template":"","format":"standard","meta":[],"categories":[7,8],"tags":[],"_links":{"self":[{"href":"https:\/\/julia-arend-handgestrickt.de\/index.php?rest_route=\/wp\/v2\/posts\/265"}],"collection":[{"href":"https:\/\/julia-arend-handgestrickt.de\/index.php?rest_route=\/wp\/v2\/posts"}],"about":[{"href":"https:\/\/julia-arend-handgestrickt.de\/index.php?rest_route=\/wp\/v2\/types\/post"}],"author":[{"embeddable":true,"href":"https:\/\/julia-arend-handgestrickt.de\/index.php?rest_route=\/wp\/v2\/users\/2"}],"replies":[{"embeddable":true,"href":"https:\/\/julia-arend-handgestrickt.de\/index.php?rest_route=%2Fwp%2Fv2%2Fcomments&post=265"}],"version-history":[{"count":1,"href":"https:\/\/julia-arend-handgestrickt.de\/index.php?rest_route=\/wp\/v2\/posts\/265\/revisions"}],"predecessor-version":[{"id":267,"href":"https:\/\/julia-arend-handgestrickt.de\/index.php?rest_route=\/wp\/v2\/posts\/265\/revisions\/267"}],"wp:attachment":[{"href":"https:\/\/julia-arend-handgestrickt.de\/index.php?rest_route=%2Fwp%2Fv2%2Fmedia&parent=265"}],"wp:term":[{"taxonomy":"category","embeddable":true,"href":"https:\/\/julia-arend-handgestrickt.de\/index.php?rest_route=%2Fwp%2Fv2%2Fcategories&post=265"},{"taxonomy":"post_tag","embeddable":true,"href":"https:\/\/julia-arend-handgestrickt.de\/index.php?rest_route=%2Fwp%2Fv2%2Ftags&post=265"}],"curies":[{"name":"wp","href":"https:\/\/api.w.org\/{rel}","templated":true}]}}