{"id":248,"date":"2018-03-06T18:18:25","date_gmt":"2018-03-06T18:18:25","guid":{"rendered":"http:\/\/julia-arend-handgestrickt.de\/?p=248"},"modified":"2018-03-21T16:31:57","modified_gmt":"2018-03-21T16:31:57","slug":"titeldecke","status":"publish","type":"post","link":"https:\/\/julia-arend-handgestrickt.de\/?p=248","title":{"rendered":"Titeldecke&#8230;."},"content":{"rendered":"<p>&#8230;eigentlich habe ich mir vorgenommen, jeden Tag eine meiner bisherigen Decken aus meiner alten Galerie hier einzupflegen. Da die Galerie von meiner alten Webseite nicht hierher mit umziehen konnte, fehlt ja nun mein bisheriges &#8222;Lebenswerk&#8220;.<\/p>\n<p>Beginne ich also mit der Titeldecke.<\/p>\n<p>Die habe ich nur aus der sisal-farbenen Wolle (70% Polyacryl, 30% Schurwolle) gestrickt.<\/p>\n<p>Sie hat eine Gr\u00f6\u00dfe von 110 x 170 cm. Das dazugeh\u00f6rende Kissen hat die Ma\u00dfe 40 x60 cm.<\/p>\n<p>&nbsp;<\/p>\n<p><img decoding=\"async\" loading=\"lazy\" class=\"aligncenter wp-image-249\" src=\"http:\/\/julia-arend-handgestrickt.de\/wp-content\/uploads\/2018\/03\/Coverfoto_Decke-handgestrickt_001-300x300.png\" alt=\"\" width=\"250\" height=\"249\" srcset=\"https:\/\/julia-arend-handgestrickt.de\/wp-content\/uploads\/2018\/03\/Coverfoto_Decke-handgestrickt_001-300x300.png 300w, https:\/\/julia-arend-handgestrickt.de\/wp-content\/uploads\/2018\/03\/Coverfoto_Decke-handgestrickt_001-150x150.png 150w, https:\/\/julia-arend-handgestrickt.de\/wp-content\/uploads\/2018\/03\/Coverfoto_Decke-handgestrickt_001.png 619w\" sizes=\"(max-width: 250px) 100vw, 250px\" \/><\/p>\n<p>&nbsp;<\/p>\n<p><img decoding=\"async\" loading=\"lazy\" class=\"aligncenter wp-image-250\" src=\"http:\/\/julia-arend-handgestrickt.de\/wp-content\/uploads\/2018\/03\/P1000665-300x225.jpg\" alt=\"\" width=\"250\" height=\"188\" srcset=\"https:\/\/julia-arend-handgestrickt.de\/wp-content\/uploads\/2018\/03\/P1000665-300x225.jpg 300w, https:\/\/julia-arend-handgestrickt.de\/wp-content\/uploads\/2018\/03\/P1000665-768x576.jpg 768w, https:\/\/julia-arend-handgestrickt.de\/wp-content\/uploads\/2018\/03\/P1000665-1024x768.jpg 1024w\" sizes=\"(max-width: 250px) 100vw, 250px\" \/><\/p>\n<p>&nbsp;<\/p>\n<p><img decoding=\"async\" loading=\"lazy\" class=\"aligncenter wp-image-252\" src=\"http:\/\/julia-arend-handgestrickt.de\/wp-content\/uploads\/2018\/03\/P1000671a-277x300.jpg\" alt=\"\" width=\"250\" height=\"271\" srcset=\"https:\/\/julia-arend-handgestrickt.de\/wp-content\/uploads\/2018\/03\/P1000671a-277x300.jpg 277w, https:\/\/julia-arend-handgestrickt.de\/wp-content\/uploads\/2018\/03\/P1000671a-768x832.jpg 768w, https:\/\/julia-arend-handgestrickt.de\/wp-content\/uploads\/2018\/03\/P1000671a-945x1024.jpg 945w, https:\/\/julia-arend-handgestrickt.de\/wp-content\/uploads\/2018\/03\/P1000671a.jpg 953w\" sizes=\"(max-width: 250px) 100vw, 250px\" \/><\/p>\n<p>&nbsp;<\/p>\n<p><img decoding=\"async\" loading=\"lazy\" class=\"aligncenter wp-image-255\" src=\"http:\/\/julia-arend-handgestrickt.de\/wp-content\/uploads\/2018\/03\/P1030164-225x300.jpg\" alt=\"\" width=\"250\" height=\"333\" srcset=\"https:\/\/julia-arend-handgestrickt.de\/wp-content\/uploads\/2018\/03\/P1030164-225x300.jpg 225w, https:\/\/julia-arend-handgestrickt.de\/wp-content\/uploads\/2018\/03\/P1030164-768x1024.jpg 768w, https:\/\/julia-arend-handgestrickt.de\/wp-content\/uploads\/2018\/03\/P1030164.jpg 1920w\" sizes=\"(max-width: 250px) 100vw, 250px\" \/><\/p>\n","protected":false},"excerpt":{"rendered":"<p>&#8230;eigentlich habe ich mir vorgenommen, jeden Tag eine meiner bisherigen Decken aus meiner alten Galerie hier einzupflegen. Da die Galerie von meiner alten Webseite nicht hierher mit umziehen konnte, fehlt ja nun mein bisheriges &#8222;Lebenswerk&#8220;. Beginne ich also mit der Titeldecke. Die habe ich nur aus der sisal-farbenen Wolle (70% Polyacryl, 30% Schurwolle) gestrickt. Sie &hellip; <a href=\"https:\/\/julia-arend-handgestrickt.de\/?p=248\" class=\"more-link\"><span class=\"screen-reader-text\">Titeldecke&#8230;.<\/span> weiterlesen <span class=\"meta-nav\">&rarr;<\/span><\/a><\/p>\n","protected":false},"author":2,"featured_media":0,"comment_status":"open","ping_status":"open","sticky":false,"template":"","format":"standard","meta":[],"categories":[7,8],"tags":[],"_links":{"self":[{"href":"https:\/\/julia-arend-handgestrickt.de\/index.php?rest_route=\/wp\/v2\/posts\/248"}],"collection":[{"href":"https:\/\/julia-arend-handgestrickt.de\/index.php?rest_route=\/wp\/v2\/posts"}],"about":[{"href":"https:\/\/julia-arend-handgestrickt.de\/index.php?rest_route=\/wp\/v2\/types\/post"}],"author":[{"embeddable":true,"href":"https:\/\/julia-arend-handgestrickt.de\/index.php?rest_route=\/wp\/v2\/users\/2"}],"replies":[{"embeddable":true,"href":"https:\/\/julia-arend-handgestrickt.de\/index.php?rest_route=%2Fwp%2Fv2%2Fcomments&post=248"}],"version-history":[{"count":3,"href":"https:\/\/julia-arend-handgestrickt.de\/index.php?rest_route=\/wp\/v2\/posts\/248\/revisions"}],"predecessor-version":[{"id":337,"href":"https:\/\/julia-arend-handgestrickt.de\/index.php?rest_route=\/wp\/v2\/posts\/248\/revisions\/337"}],"wp:attachment":[{"href":"https:\/\/julia-arend-handgestrickt.de\/index.php?rest_route=%2Fwp%2Fv2%2Fmedia&parent=248"}],"wp:term":[{"taxonomy":"category","embeddable":true,"href":"https:\/\/julia-arend-handgestrickt.de\/index.php?rest_route=%2Fwp%2Fv2%2Fcategories&post=248"},{"taxonomy":"post_tag","embeddable":true,"href":"https:\/\/julia-arend-handgestrickt.de\/index.php?rest_route=%2Fwp%2Fv2%2Ftags&post=248"}],"curies":[{"name":"wp","href":"https:\/\/api.w.org\/{rel}","templated":true}]}}