{"id":230,"date":"2018-03-05T16:04:55","date_gmt":"2018-03-05T16:04:55","guid":{"rendered":"http:\/\/julia-arend-handgestrickt.de\/?p=230"},"modified":"2018-03-05T16:05:24","modified_gmt":"2018-03-05T16:05:24","slug":"zuhause","status":"publish","type":"post","link":"https:\/\/julia-arend-handgestrickt.de\/?p=230","title":{"rendered":"Zuhause&#8230;"},"content":{"rendered":"<p>&#8230;ist f\u00fcr mich nicht nur ein Ort, sondern auch ein Gef\u00fchl.<\/p>\n<p>Weil mir das &#8222;Zuhause&#8220;-Gef\u00fchl aber lebenswichtig erscheint, habe ich viel Zeit, Energie und M\u00fche in einen Ort investiert, der f\u00fcr mich (mal abgesehen von meinen Lieblingsmenschen), das Gef\u00fchl von &#8222;Zuhause&#8220; wieder spiegelt.<\/p>\n<p>Zuhause ist man jederzeit willkommen und zwar genauso, wie man ist, und genauso, wie es einem halt gerade geht.<\/p>\n<p>Zuhause ist Schutzraum, H\u00f6hle, Nest.<\/p>\n<p>Zuhause ist Gem\u00fctlichkeit.<\/p>\n<p>Zuhause ist R\u00fcckhalt und Akzeptanz.<\/p>\n<p>&nbsp;<\/p>\n<p><img decoding=\"async\" loading=\"lazy\" class=\"size-medium wp-image-231 aligncenter\" src=\"http:\/\/julia-arend-handgestrickt.de\/wp-content\/uploads\/2018\/03\/Haus7-300x232.png\" alt=\"\" width=\"300\" height=\"232\" srcset=\"https:\/\/julia-arend-handgestrickt.de\/wp-content\/uploads\/2018\/03\/Haus7-300x232.png 300w, https:\/\/julia-arend-handgestrickt.de\/wp-content\/uploads\/2018\/03\/Haus7.png 542w\" sizes=\"(max-width: 300px) 100vw, 300px\" \/><\/p>\n<p>&nbsp;<\/p>\n<p>Wen ich in mein Zuhause einlade, den lasse ich auch ein klein wenig in meine Seele schauen.<\/p>\n<p>&nbsp;<\/p>\n<p><img decoding=\"async\" loading=\"lazy\" class=\"size-medium wp-image-232 aligncenter\" src=\"http:\/\/julia-arend-handgestrickt.de\/wp-content\/uploads\/2018\/03\/Fenster-232x300.jpg\" alt=\"\" width=\"232\" height=\"300\" srcset=\"https:\/\/julia-arend-handgestrickt.de\/wp-content\/uploads\/2018\/03\/Fenster-232x300.jpg 232w, https:\/\/julia-arend-handgestrickt.de\/wp-content\/uploads\/2018\/03\/Fenster-768x993.jpg 768w, https:\/\/julia-arend-handgestrickt.de\/wp-content\/uploads\/2018\/03\/Fenster-792x1024.jpg 792w, https:\/\/julia-arend-handgestrickt.de\/wp-content\/uploads\/2018\/03\/Fenster.jpg 1139w\" sizes=\"(max-width: 232px) 100vw, 232px\" \/><\/p>\n","protected":false},"excerpt":{"rendered":"<p>&#8230;ist f\u00fcr mich nicht nur ein Ort, sondern auch ein Gef\u00fchl. Weil mir das &#8222;Zuhause&#8220;-Gef\u00fchl aber lebenswichtig erscheint, habe ich viel Zeit, Energie und M\u00fche in einen Ort investiert, der f\u00fcr mich (mal abgesehen von meinen Lieblingsmenschen), das Gef\u00fchl von &#8222;Zuhause&#8220; wieder spiegelt. Zuhause ist man jederzeit willkommen und zwar genauso, wie man ist, und &hellip; <a href=\"https:\/\/julia-arend-handgestrickt.de\/?p=230\" class=\"more-link\"><span class=\"screen-reader-text\">Zuhause&#8230;<\/span> weiterlesen <span class=\"meta-nav\">&rarr;<\/span><\/a><\/p>\n","protected":false},"author":2,"featured_media":0,"comment_status":"open","ping_status":"open","sticky":false,"template":"","format":"standard","meta":[],"categories":[6],"tags":[],"_links":{"self":[{"href":"https:\/\/julia-arend-handgestrickt.de\/index.php?rest_route=\/wp\/v2\/posts\/230"}],"collection":[{"href":"https:\/\/julia-arend-handgestrickt.de\/index.php?rest_route=\/wp\/v2\/posts"}],"about":[{"href":"https:\/\/julia-arend-handgestrickt.de\/index.php?rest_route=\/wp\/v2\/types\/post"}],"author":[{"embeddable":true,"href":"https:\/\/julia-arend-handgestrickt.de\/index.php?rest_route=\/wp\/v2\/users\/2"}],"replies":[{"embeddable":true,"href":"https:\/\/julia-arend-handgestrickt.de\/index.php?rest_route=%2Fwp%2Fv2%2Fcomments&post=230"}],"version-history":[{"count":3,"href":"https:\/\/julia-arend-handgestrickt.de\/index.php?rest_route=\/wp\/v2\/posts\/230\/revisions"}],"predecessor-version":[{"id":235,"href":"https:\/\/julia-arend-handgestrickt.de\/index.php?rest_route=\/wp\/v2\/posts\/230\/revisions\/235"}],"wp:attachment":[{"href":"https:\/\/julia-arend-handgestrickt.de\/index.php?rest_route=%2Fwp%2Fv2%2Fmedia&parent=230"}],"wp:term":[{"taxonomy":"category","embeddable":true,"href":"https:\/\/julia-arend-handgestrickt.de\/index.php?rest_route=%2Fwp%2Fv2%2Fcategories&post=230"},{"taxonomy":"post_tag","embeddable":true,"href":"https:\/\/julia-arend-handgestrickt.de\/index.php?rest_route=%2Fwp%2Fv2%2Ftags&post=230"}],"curies":[{"name":"wp","href":"https:\/\/api.w.org\/{rel}","templated":true}]}}