{"id":224,"date":"2018-03-05T15:55:55","date_gmt":"2018-03-05T15:55:55","guid":{"rendered":"http:\/\/julia-arend-handgestrickt.de\/?p=224"},"modified":"2018-03-05T15:55:55","modified_gmt":"2018-03-05T15:55:55","slug":"mandala-hocker","status":"publish","type":"post","link":"https:\/\/julia-arend-handgestrickt.de\/?p=224","title":{"rendered":"Mandala-Hocker"},"content":{"rendered":"<p>Eine ganz tolle Idee, die vielfach im Netz zu finden ist, finde ich das Umh\u00e4keln der allgegenw\u00e4rtigen Hocker, die gerade so inn sind.<\/p>\n<p>In bunt gefallen sie mir n\u00e4mlich viel besser, als mit Kunstleder oder wei\u00dfem Fellimitat.<\/p>\n<p>&nbsp;<\/p>\n<figure id=\"attachment_225\" aria-describedby=\"caption-attachment-225\" style=\"width: 225px\" class=\"wp-caption aligncenter\"><img decoding=\"async\" loading=\"lazy\" class=\"size-medium wp-image-225\" src=\"http:\/\/julia-arend-handgestrickt.de\/wp-content\/uploads\/2018\/03\/IMG_20180305_163153-225x300.jpg\" alt=\"\" width=\"225\" height=\"300\" srcset=\"https:\/\/julia-arend-handgestrickt.de\/wp-content\/uploads\/2018\/03\/IMG_20180305_163153-225x300.jpg 225w, https:\/\/julia-arend-handgestrickt.de\/wp-content\/uploads\/2018\/03\/IMG_20180305_163153-768x1024.jpg 768w, https:\/\/julia-arend-handgestrickt.de\/wp-content\/uploads\/2018\/03\/IMG_20180305_163153.jpg 1322w\" sizes=\"(max-width: 225px) 100vw, 225px\" \/><figcaption id=\"caption-attachment-225\" class=\"wp-caption-text\">Wohnzimmerhocker<\/figcaption><\/figure>\n<p>&nbsp;<\/p>\n<figure id=\"attachment_226\" aria-describedby=\"caption-attachment-226\" style=\"width: 225px\" class=\"wp-caption aligncenter\"><img decoding=\"async\" loading=\"lazy\" class=\"size-medium wp-image-226\" src=\"http:\/\/julia-arend-handgestrickt.de\/wp-content\/uploads\/2018\/03\/IMG_20180305_162953-225x300.jpg\" alt=\"\" width=\"225\" height=\"300\" srcset=\"https:\/\/julia-arend-handgestrickt.de\/wp-content\/uploads\/2018\/03\/IMG_20180305_162953-225x300.jpg 225w, https:\/\/julia-arend-handgestrickt.de\/wp-content\/uploads\/2018\/03\/IMG_20180305_162953-768x1024.jpg 768w, https:\/\/julia-arend-handgestrickt.de\/wp-content\/uploads\/2018\/03\/IMG_20180305_162953.jpg 932w\" sizes=\"(max-width: 225px) 100vw, 225px\" \/><figcaption id=\"caption-attachment-226\" class=\"wp-caption-text\">Schlafzimmerhocker \/ Nachttisch<\/figcaption><\/figure>\n<p>&nbsp;<\/p>\n<figure id=\"attachment_227\" aria-describedby=\"caption-attachment-227\" style=\"width: 225px\" class=\"wp-caption aligncenter\"><img decoding=\"async\" loading=\"lazy\" class=\"size-medium wp-image-227\" src=\"http:\/\/julia-arend-handgestrickt.de\/wp-content\/uploads\/2018\/03\/IMG_20180305_163114-225x300.jpg\" alt=\"\" width=\"225\" height=\"300\" srcset=\"https:\/\/julia-arend-handgestrickt.de\/wp-content\/uploads\/2018\/03\/IMG_20180305_163114-225x300.jpg 225w, https:\/\/julia-arend-handgestrickt.de\/wp-content\/uploads\/2018\/03\/IMG_20180305_163114-768x1024.jpg 768w, https:\/\/julia-arend-handgestrickt.de\/wp-content\/uploads\/2018\/03\/IMG_20180305_163114.jpg 1414w\" sizes=\"(max-width: 225px) 100vw, 225px\" \/><figcaption id=\"caption-attachment-227\" class=\"wp-caption-text\">Mausemanufaktur-Hocker in bunt nat\u00fcrlich<\/figcaption><\/figure>\n","protected":false},"excerpt":{"rendered":"<p>Eine ganz tolle Idee, die vielfach im Netz zu finden ist, finde ich das Umh\u00e4keln der allgegenw\u00e4rtigen Hocker, die gerade so inn sind. In bunt gefallen sie mir n\u00e4mlich viel besser, als mit Kunstleder oder wei\u00dfem Fellimitat. &nbsp; &nbsp; &nbsp;<\/p>\n","protected":false},"author":2,"featured_media":0,"comment_status":"open","ping_status":"open","sticky":false,"template":"","format":"standard","meta":[],"categories":[5,9],"tags":[],"_links":{"self":[{"href":"https:\/\/julia-arend-handgestrickt.de\/index.php?rest_route=\/wp\/v2\/posts\/224"}],"collection":[{"href":"https:\/\/julia-arend-handgestrickt.de\/index.php?rest_route=\/wp\/v2\/posts"}],"about":[{"href":"https:\/\/julia-arend-handgestrickt.de\/index.php?rest_route=\/wp\/v2\/types\/post"}],"author":[{"embeddable":true,"href":"https:\/\/julia-arend-handgestrickt.de\/index.php?rest_route=\/wp\/v2\/users\/2"}],"replies":[{"embeddable":true,"href":"https:\/\/julia-arend-handgestrickt.de\/index.php?rest_route=%2Fwp%2Fv2%2Fcomments&post=224"}],"version-history":[{"count":2,"href":"https:\/\/julia-arend-handgestrickt.de\/index.php?rest_route=\/wp\/v2\/posts\/224\/revisions"}],"predecessor-version":[{"id":229,"href":"https:\/\/julia-arend-handgestrickt.de\/index.php?rest_route=\/wp\/v2\/posts\/224\/revisions\/229"}],"wp:attachment":[{"href":"https:\/\/julia-arend-handgestrickt.de\/index.php?rest_route=%2Fwp%2Fv2%2Fmedia&parent=224"}],"wp:term":[{"taxonomy":"category","embeddable":true,"href":"https:\/\/julia-arend-handgestrickt.de\/index.php?rest_route=%2Fwp%2Fv2%2Fcategories&post=224"},{"taxonomy":"post_tag","embeddable":true,"href":"https:\/\/julia-arend-handgestrickt.de\/index.php?rest_route=%2Fwp%2Fv2%2Ftags&post=224"}],"curies":[{"name":"wp","href":"https:\/\/api.w.org\/{rel}","templated":true}]}}