{"id":196,"date":"2018-03-04T15:02:12","date_gmt":"2018-03-04T15:02:12","guid":{"rendered":"http:\/\/julia-arend-handgestrickt.de\/?p=196"},"modified":"2018-03-04T19:21:07","modified_gmt":"2018-03-04T19:21:07","slug":"haekeldecken-farbexplosion","status":"publish","type":"post","link":"https:\/\/julia-arend-handgestrickt.de\/?p=196","title":{"rendered":"H\u00e4keldecken-Farbexplosion"},"content":{"rendered":"<p>Also die bunten, kr\u00e4ftigen Farben der geh\u00e4kelten Decken sind schon echt ein Knaller. Muss man m\u00f6gen halt.<\/p>\n<p><img decoding=\"async\" loading=\"lazy\" class=\"wp-image-197 size-full aligncenter\" src=\"http:\/\/julia-arend-handgestrickt.de\/wp-content\/uploads\/2018\/03\/gro\u00dfe-H\u00e4keldecke_Detail.jpg\" alt=\"\" width=\"359\" height=\"640\" srcset=\"https:\/\/julia-arend-handgestrickt.de\/wp-content\/uploads\/2018\/03\/gro\u00dfe-H\u00e4keldecke_Detail.jpg 359w, https:\/\/julia-arend-handgestrickt.de\/wp-content\/uploads\/2018\/03\/gro\u00dfe-H\u00e4keldecke_Detail-168x300.jpg 168w\" sizes=\"(max-width: 359px) 100vw, 359px\" \/><\/p>\n<p>Ich tue es. Aber so was\u00a0 von&#8230;&#8230; Und zwar\u00a0 so sehr, dass hier eine farbenfrohe Decke nach der anderen entsteht.<\/p>\n<p><img decoding=\"async\" loading=\"lazy\" class=\"wp-image-198 size-full aligncenter\" src=\"http:\/\/julia-arend-handgestrickt.de\/wp-content\/uploads\/2018\/03\/kl.-H\u00e4keldecke-Detail.jpg\" alt=\"\" width=\"359\" height=\"640\" srcset=\"https:\/\/julia-arend-handgestrickt.de\/wp-content\/uploads\/2018\/03\/kl.-H\u00e4keldecke-Detail.jpg 359w, https:\/\/julia-arend-handgestrickt.de\/wp-content\/uploads\/2018\/03\/kl.-H\u00e4keldecke-Detail-168x300.jpg 168w\" sizes=\"(max-width: 359px) 100vw, 359px\" \/><\/p>\n<p>&nbsp;<\/p>\n","protected":false},"excerpt":{"rendered":"<p>Also die bunten, kr\u00e4ftigen Farben der geh\u00e4kelten Decken sind schon echt ein Knaller. Muss man m\u00f6gen halt. Ich tue es. Aber so was\u00a0 von&#8230;&#8230; Und zwar\u00a0 so sehr, dass hier eine farbenfrohe Decke nach der anderen entsteht. &nbsp;<\/p>\n","protected":false},"author":2,"featured_media":0,"comment_status":"open","ping_status":"open","sticky":false,"template":"","format":"standard","meta":[],"categories":[7,9],"tags":[],"_links":{"self":[{"href":"https:\/\/julia-arend-handgestrickt.de\/index.php?rest_route=\/wp\/v2\/posts\/196"}],"collection":[{"href":"https:\/\/julia-arend-handgestrickt.de\/index.php?rest_route=\/wp\/v2\/posts"}],"about":[{"href":"https:\/\/julia-arend-handgestrickt.de\/index.php?rest_route=\/wp\/v2\/types\/post"}],"author":[{"embeddable":true,"href":"https:\/\/julia-arend-handgestrickt.de\/index.php?rest_route=\/wp\/v2\/users\/2"}],"replies":[{"embeddable":true,"href":"https:\/\/julia-arend-handgestrickt.de\/index.php?rest_route=%2Fwp%2Fv2%2Fcomments&post=196"}],"version-history":[{"count":2,"href":"https:\/\/julia-arend-handgestrickt.de\/index.php?rest_route=\/wp\/v2\/posts\/196\/revisions"}],"predecessor-version":[{"id":206,"href":"https:\/\/julia-arend-handgestrickt.de\/index.php?rest_route=\/wp\/v2\/posts\/196\/revisions\/206"}],"wp:attachment":[{"href":"https:\/\/julia-arend-handgestrickt.de\/index.php?rest_route=%2Fwp%2Fv2%2Fmedia&parent=196"}],"wp:term":[{"taxonomy":"category","embeddable":true,"href":"https:\/\/julia-arend-handgestrickt.de\/index.php?rest_route=%2Fwp%2Fv2%2Fcategories&post=196"},{"taxonomy":"post_tag","embeddable":true,"href":"https:\/\/julia-arend-handgestrickt.de\/index.php?rest_route=%2Fwp%2Fv2%2Ftags&post=196"}],"curies":[{"name":"wp","href":"https:\/\/api.w.org\/{rel}","templated":true}]}}