{"id":181,"date":"2018-03-04T14:43:25","date_gmt":"2018-03-04T14:43:25","guid":{"rendered":"http:\/\/julia-arend-handgestrickt.de\/?p=181"},"modified":"2018-03-04T14:43:25","modified_gmt":"2018-03-04T14:43:25","slug":"maeuse-wahnsinn","status":"publish","type":"post","link":"https:\/\/julia-arend-handgestrickt.de\/?p=181","title":{"rendered":"M\u00e4use-Wahnsinn"},"content":{"rendered":"<p>Zur Zeit entstehen hier ja eher weniger neue Wollm\u00e4use. Ich bin mit Spinnen und Decken h\u00e4keln besch\u00e4ftigt.<\/p>\n<p>Wie gut, dass noch eine ganze Horde hier wohnt. Sonst w\u00fcrde ich doch traurig sein. So ganz ohne Wollm\u00e4use.<\/p>\n<p>In allen Farben springen die hier rum und machen die H\u00fctte unsicher&#8230;..<\/p>\n<p><img decoding=\"async\" loading=\"lazy\" class=\"wp-image-182 aligncenter\" src=\"http:\/\/julia-arend-handgestrickt.de\/wp-content\/uploads\/2018\/03\/IMG_8507-300x200.jpg\" alt=\"\" width=\"405\" height=\"270\" srcset=\"https:\/\/julia-arend-handgestrickt.de\/wp-content\/uploads\/2018\/03\/IMG_8507-300x200.jpg 300w, https:\/\/julia-arend-handgestrickt.de\/wp-content\/uploads\/2018\/03\/IMG_8507-768x512.jpg 768w, https:\/\/julia-arend-handgestrickt.de\/wp-content\/uploads\/2018\/03\/IMG_8507-1024x683.jpg 1024w\" sizes=\"(max-width: 405px) 100vw, 405px\" \/><\/p>\n<p>&nbsp;<\/p>\n<p><img decoding=\"async\" loading=\"lazy\" class=\"wp-image-183 aligncenter\" src=\"http:\/\/julia-arend-handgestrickt.de\/wp-content\/uploads\/2018\/03\/AAAP1120992-20160310-073314391-300x200.jpg\" alt=\"\" width=\"405\" height=\"270\" srcset=\"https:\/\/julia-arend-handgestrickt.de\/wp-content\/uploads\/2018\/03\/AAAP1120992-20160310-073314391-300x200.jpg 300w, https:\/\/julia-arend-handgestrickt.de\/wp-content\/uploads\/2018\/03\/AAAP1120992-20160310-073314391-768x513.jpg 768w, https:\/\/julia-arend-handgestrickt.de\/wp-content\/uploads\/2018\/03\/AAAP1120992-20160310-073314391.jpg 1024w\" sizes=\"(max-width: 405px) 100vw, 405px\" \/><\/p>\n","protected":false},"excerpt":{"rendered":"<p>Zur Zeit entstehen hier ja eher weniger neue Wollm\u00e4use. Ich bin mit Spinnen und Decken h\u00e4keln besch\u00e4ftigt. Wie gut, dass noch eine ganze Horde hier wohnt. Sonst w\u00fcrde ich doch traurig sein. So ganz ohne Wollm\u00e4use. In allen Farben springen die hier rum und machen die H\u00fctte unsicher&#8230;.. &nbsp;<\/p>\n","protected":false},"author":2,"featured_media":0,"comment_status":"open","ping_status":"open","sticky":false,"template":"","format":"standard","meta":[],"categories":[12],"tags":[],"_links":{"self":[{"href":"https:\/\/julia-arend-handgestrickt.de\/index.php?rest_route=\/wp\/v2\/posts\/181"}],"collection":[{"href":"https:\/\/julia-arend-handgestrickt.de\/index.php?rest_route=\/wp\/v2\/posts"}],"about":[{"href":"https:\/\/julia-arend-handgestrickt.de\/index.php?rest_route=\/wp\/v2\/types\/post"}],"author":[{"embeddable":true,"href":"https:\/\/julia-arend-handgestrickt.de\/index.php?rest_route=\/wp\/v2\/users\/2"}],"replies":[{"embeddable":true,"href":"https:\/\/julia-arend-handgestrickt.de\/index.php?rest_route=%2Fwp%2Fv2%2Fcomments&post=181"}],"version-history":[{"count":2,"href":"https:\/\/julia-arend-handgestrickt.de\/index.php?rest_route=\/wp\/v2\/posts\/181\/revisions"}],"predecessor-version":[{"id":185,"href":"https:\/\/julia-arend-handgestrickt.de\/index.php?rest_route=\/wp\/v2\/posts\/181\/revisions\/185"}],"wp:attachment":[{"href":"https:\/\/julia-arend-handgestrickt.de\/index.php?rest_route=%2Fwp%2Fv2%2Fmedia&parent=181"}],"wp:term":[{"taxonomy":"category","embeddable":true,"href":"https:\/\/julia-arend-handgestrickt.de\/index.php?rest_route=%2Fwp%2Fv2%2Fcategories&post=181"},{"taxonomy":"post_tag","embeddable":true,"href":"https:\/\/julia-arend-handgestrickt.de\/index.php?rest_route=%2Fwp%2Fv2%2Ftags&post=181"}],"curies":[{"name":"wp","href":"https:\/\/api.w.org\/{rel}","templated":true}]}}