{"id":171,"date":"2018-03-04T14:26:43","date_gmt":"2018-03-04T14:26:43","guid":{"rendered":"http:\/\/julia-arend-handgestrickt.de\/?p=171"},"modified":"2018-03-04T19:26:39","modified_gmt":"2018-03-04T19:26:39","slug":"mein-spinnrad","status":"publish","type":"post","link":"https:\/\/julia-arend-handgestrickt.de\/?p=171","title":{"rendered":"Mein Spinnrad"},"content":{"rendered":"<p>Wer h\u00e4tte das gedacht, wie schnell sich so ein neues Hobby, eine neue Leidenschaft, festsetzt und etabliert und sich gleichberechtigt zwischen H\u00e4keln und Stricken eingereiht hat.<\/p>\n<p>Allerding bin ich recht schnell von der Handspindel aufs Spinnrad umgestiegen.<\/p>\n<p>Erst habe ich von der Mutter meiner Nachbarin ein altes Hochzeitsrad geerbt, welches ich unbedingt wieder in Gang bekommen m\u00f6chte&#8230;..<\/p>\n<figure id=\"attachment_172\" aria-describedby=\"caption-attachment-172\" style=\"width: 168px\" class=\"wp-caption aligncenter\"><img decoding=\"async\" loading=\"lazy\" class=\"wp-image-172 size-medium\" src=\"http:\/\/julia-arend-handgestrickt.de\/wp-content\/uploads\/2018\/03\/Altes-Sch\u00e4tzchen-168x300.jpg\" alt=\"\" width=\"168\" height=\"300\" srcset=\"https:\/\/julia-arend-handgestrickt.de\/wp-content\/uploads\/2018\/03\/Altes-Sch\u00e4tzchen-168x300.jpg 168w, https:\/\/julia-arend-handgestrickt.de\/wp-content\/uploads\/2018\/03\/Altes-Sch\u00e4tzchen-575x1024.jpg 575w, https:\/\/julia-arend-handgestrickt.de\/wp-content\/uploads\/2018\/03\/Altes-Sch\u00e4tzchen.jpg 584w\" sizes=\"(max-width: 168px) 100vw, 168px\" \/><figcaption id=\"caption-attachment-172\" class=\"wp-caption-text\">Hochzeitsrad<\/figcaption><\/figure>\n<p>Daf\u00fcr muss ich es aber, denke ich, erst mal komplett auseinander bauen, zum Teil neu verleimen und wachsen. Ich bin gespannt, ob ich es hinbekomme&#8230;.<\/p>\n<p>Damit ich aber nicht bis dahin mit dem Spinnen warten muss, habe ich mir im letzten Sommer ein Fantasia Spinnrad von Kromski zugelegt. Ich habe es mit gro\u00dfer Hingabe selbst\u00a0 bemalt und zusammengebaut.<\/p>\n<figure id=\"attachment_173\" aria-describedby=\"caption-attachment-173\" style=\"width: 176px\" class=\"wp-caption aligncenter\"><img decoding=\"async\" loading=\"lazy\" class=\"size-medium wp-image-173\" src=\"http:\/\/julia-arend-handgestrickt.de\/wp-content\/uploads\/2018\/03\/Fantasia-176x300.jpg\" alt=\"\" width=\"176\" height=\"300\" srcset=\"https:\/\/julia-arend-handgestrickt.de\/wp-content\/uploads\/2018\/03\/Fantasia-176x300.jpg 176w, https:\/\/julia-arend-handgestrickt.de\/wp-content\/uploads\/2018\/03\/Fantasia-768x1310.jpg 768w, https:\/\/julia-arend-handgestrickt.de\/wp-content\/uploads\/2018\/03\/Fantasia-601x1024.jpg 601w\" sizes=\"(max-width: 176px) 100vw, 176px\" \/><figcaption id=\"caption-attachment-173\" class=\"wp-caption-text\">Fantasia<\/figcaption><\/figure>\n<p>Ich war sehr\u00a0 zufrieden mit\u00a0 dem Spinnrad, allerdings lieb\u00e4ugelte ich schon recht schnell mit der Victoria S95 von Louet. Weil man dieses R\u00e4dchen so sch\u00f6n zusammen klappen kann und somit auch platzsparend verstauen, oder mal mitnehmen kann.<\/p>\n<figure id=\"attachment_174\" aria-describedby=\"caption-attachment-174\" style=\"width: 166px\" class=\"wp-caption aligncenter\"><img decoding=\"async\" loading=\"lazy\" class=\"size-medium wp-image-174\" src=\"http:\/\/julia-arend-handgestrickt.de\/wp-content\/uploads\/2018\/03\/Vicky-166x300.jpg\" alt=\"\" width=\"166\" height=\"300\" srcset=\"https:\/\/julia-arend-handgestrickt.de\/wp-content\/uploads\/2018\/03\/Vicky-166x300.jpg 166w, https:\/\/julia-arend-handgestrickt.de\/wp-content\/uploads\/2018\/03\/Vicky-768x1391.jpg 768w, https:\/\/julia-arend-handgestrickt.de\/wp-content\/uploads\/2018\/03\/Vicky-565x1024.jpg 565w, https:\/\/julia-arend-handgestrickt.de\/wp-content\/uploads\/2018\/03\/Vicky.jpg 1647w\" sizes=\"(max-width: 166px) 100vw, 166px\" \/><figcaption id=\"caption-attachment-174\" class=\"wp-caption-text\">Victoria S 95<\/figcaption><\/figure>\n<p>So durfte dann meine Vicky bei mir einziehen und das Fantasia durfte zu meiner Freundin weiter ziehen, da das Platzangebot in unserem Hygge-H\u00e4uschen begrenzt ist.<\/p>\n","protected":false},"excerpt":{"rendered":"<p>Wer h\u00e4tte das gedacht, wie schnell sich so ein neues Hobby, eine neue Leidenschaft, festsetzt und etabliert und sich gleichberechtigt zwischen H\u00e4keln und Stricken eingereiht hat. Allerding bin ich recht schnell von der Handspindel aufs Spinnrad umgestiegen. Erst habe ich von der Mutter meiner Nachbarin ein altes Hochzeitsrad geerbt, welches ich unbedingt wieder in Gang &hellip; <a href=\"https:\/\/julia-arend-handgestrickt.de\/?p=171\" class=\"more-link\"><span class=\"screen-reader-text\">Mein Spinnrad<\/span> weiterlesen <span class=\"meta-nav\">&rarr;<\/span><\/a><\/p>\n","protected":false},"author":2,"featured_media":0,"comment_status":"open","ping_status":"open","sticky":false,"template":"","format":"standard","meta":[],"categories":[10],"tags":[],"_links":{"self":[{"href":"https:\/\/julia-arend-handgestrickt.de\/index.php?rest_route=\/wp\/v2\/posts\/171"}],"collection":[{"href":"https:\/\/julia-arend-handgestrickt.de\/index.php?rest_route=\/wp\/v2\/posts"}],"about":[{"href":"https:\/\/julia-arend-handgestrickt.de\/index.php?rest_route=\/wp\/v2\/types\/post"}],"author":[{"embeddable":true,"href":"https:\/\/julia-arend-handgestrickt.de\/index.php?rest_route=\/wp\/v2\/users\/2"}],"replies":[{"embeddable":true,"href":"https:\/\/julia-arend-handgestrickt.de\/index.php?rest_route=%2Fwp%2Fv2%2Fcomments&post=171"}],"version-history":[{"count":2,"href":"https:\/\/julia-arend-handgestrickt.de\/index.php?rest_route=\/wp\/v2\/posts\/171\/revisions"}],"predecessor-version":[{"id":207,"href":"https:\/\/julia-arend-handgestrickt.de\/index.php?rest_route=\/wp\/v2\/posts\/171\/revisions\/207"}],"wp:attachment":[{"href":"https:\/\/julia-arend-handgestrickt.de\/index.php?rest_route=%2Fwp%2Fv2%2Fmedia&parent=171"}],"wp:term":[{"taxonomy":"category","embeddable":true,"href":"https:\/\/julia-arend-handgestrickt.de\/index.php?rest_route=%2Fwp%2Fv2%2Fcategories&post=171"},{"taxonomy":"post_tag","embeddable":true,"href":"https:\/\/julia-arend-handgestrickt.de\/index.php?rest_route=%2Fwp%2Fv2%2Ftags&post=171"}],"curies":[{"name":"wp","href":"https:\/\/api.w.org\/{rel}","templated":true}]}}