{"id":155,"date":"2018-03-04T13:58:31","date_gmt":"2018-03-04T13:58:31","guid":{"rendered":"http:\/\/julia-arend-handgestrickt.de\/?p=155"},"modified":"2018-03-04T13:58:31","modified_gmt":"2018-03-04T13:58:31","slug":"wolle-faerben-das-spiel-mit-den-farben","status":"publish","type":"post","link":"https:\/\/julia-arend-handgestrickt.de\/?p=155","title":{"rendered":"Wolle f\u00e4rben &#8211; das Spiel mit den Farben"},"content":{"rendered":"<p>Bislang habe ich nur mit Ostereierfarben Wolle gef\u00e4rbt. Und zwar haupts\u00e4chlich fertiges Garn.<\/p>\n<p>Die Farben zu kombinieren macht gro\u00dfen Spa\u00df. Auch hier war meine Lieblingsfarbe &#8211; unschwer zu erkennen &#8211; bunt. Und zwar je bunter, desto besser.<\/p>\n<p><img decoding=\"async\" loading=\"lazy\" class=\"size-medium wp-image-157 aligncenter\" src=\"http:\/\/julia-arend-handgestrickt.de\/wp-content\/uploads\/2018\/03\/AIMAG0610-20160310-073343412-300x186.jpg\" alt=\"\" width=\"300\" height=\"186\" srcset=\"https:\/\/julia-arend-handgestrickt.de\/wp-content\/uploads\/2018\/03\/AIMAG0610-20160310-073343412-300x186.jpg 300w, https:\/\/julia-arend-handgestrickt.de\/wp-content\/uploads\/2018\/03\/AIMAG0610-20160310-073343412-768x476.jpg 768w, https:\/\/julia-arend-handgestrickt.de\/wp-content\/uploads\/2018\/03\/AIMAG0610-20160310-073343412.jpg 1024w\" sizes=\"(max-width: 300px) 100vw, 300px\" \/><\/p>\n<p><img decoding=\"async\" loading=\"lazy\" class=\"size-medium wp-image-159 aligncenter\" src=\"http:\/\/julia-arend-handgestrickt.de\/wp-content\/uploads\/2018\/03\/AIMAG0616-20160310-073343433-300x170.jpg\" alt=\"\" width=\"300\" height=\"170\" srcset=\"https:\/\/julia-arend-handgestrickt.de\/wp-content\/uploads\/2018\/03\/AIMAG0616-20160310-073343433-300x170.jpg 300w, https:\/\/julia-arend-handgestrickt.de\/wp-content\/uploads\/2018\/03\/AIMAG0616-20160310-073343433-768x434.jpg 768w, https:\/\/julia-arend-handgestrickt.de\/wp-content\/uploads\/2018\/03\/AIMAG0616-20160310-073343433.jpg 1024w\" sizes=\"(max-width: 300px) 100vw, 300px\" \/><\/p>\n<p><img decoding=\"async\" loading=\"lazy\" class=\"size-medium wp-image-160 aligncenter\" src=\"http:\/\/julia-arend-handgestrickt.de\/wp-content\/uploads\/2018\/03\/AIMAG0618-20160310-073343455-300x170.jpg\" alt=\"\" width=\"300\" height=\"170\" srcset=\"https:\/\/julia-arend-handgestrickt.de\/wp-content\/uploads\/2018\/03\/AIMAG0618-20160310-073343455-300x170.jpg 300w, https:\/\/julia-arend-handgestrickt.de\/wp-content\/uploads\/2018\/03\/AIMAG0618-20160310-073343455-768x434.jpg 768w, https:\/\/julia-arend-handgestrickt.de\/wp-content\/uploads\/2018\/03\/AIMAG0618-20160310-073343455.jpg 1024w\" sizes=\"(max-width: 300px) 100vw, 300px\" \/><\/p>\n<p><img decoding=\"async\" loading=\"lazy\" class=\"size-medium wp-image-161 aligncenter\" src=\"http:\/\/julia-arend-handgestrickt.de\/wp-content\/uploads\/2018\/03\/AP1120931-20160310-073343482-300x225.jpg\" alt=\"\" width=\"300\" height=\"225\" srcset=\"https:\/\/julia-arend-handgestrickt.de\/wp-content\/uploads\/2018\/03\/AP1120931-20160310-073343482-300x225.jpg 300w, https:\/\/julia-arend-handgestrickt.de\/wp-content\/uploads\/2018\/03\/AP1120931-20160310-073343482-768x576.jpg 768w, https:\/\/julia-arend-handgestrickt.de\/wp-content\/uploads\/2018\/03\/AP1120931-20160310-073343482.jpg 1024w\" sizes=\"(max-width: 300px) 100vw, 300px\" \/><\/p>\n<p><img decoding=\"async\" loading=\"lazy\" class=\"size-medium wp-image-162 aligncenter\" src=\"http:\/\/julia-arend-handgestrickt.de\/wp-content\/uploads\/2018\/03\/AP1120934-20160310-073343517-300x202.jpg\" alt=\"\" width=\"300\" height=\"202\" srcset=\"https:\/\/julia-arend-handgestrickt.de\/wp-content\/uploads\/2018\/03\/AP1120934-20160310-073343517-300x202.jpg 300w, https:\/\/julia-arend-handgestrickt.de\/wp-content\/uploads\/2018\/03\/AP1120934-20160310-073343517-768x518.jpg 768w, https:\/\/julia-arend-handgestrickt.de\/wp-content\/uploads\/2018\/03\/AP1120934-20160310-073343517.jpg 1024w\" sizes=\"(max-width: 300px) 100vw, 300px\" \/><\/p>\n<p><img decoding=\"async\" loading=\"lazy\" class=\"size-medium wp-image-163 aligncenter\" src=\"http:\/\/julia-arend-handgestrickt.de\/wp-content\/uploads\/2018\/03\/AP1120939-20160310-073343571-300x225.jpg\" alt=\"\" width=\"300\" height=\"225\" srcset=\"https:\/\/julia-arend-handgestrickt.de\/wp-content\/uploads\/2018\/03\/AP1120939-20160310-073343571-300x225.jpg 300w, https:\/\/julia-arend-handgestrickt.de\/wp-content\/uploads\/2018\/03\/AP1120939-20160310-073343571-768x576.jpg 768w, https:\/\/julia-arend-handgestrickt.de\/wp-content\/uploads\/2018\/03\/AP1120939-20160310-073343571.jpg 1024w\" sizes=\"(max-width: 300px) 100vw, 300px\" \/><\/p>\n<p>&nbsp;<\/p>\n<p>Und ja, die Regenbogenm\u00e4use haben sich gar nicht mehr eingekriegt, und sofort ein Farb-Bad genommen&#8230;.. man g\u00f6nnt sich ja sonst nix&#8230;..<\/p>\n<p>&nbsp;<\/p>\n<p><img decoding=\"async\" loading=\"lazy\" class=\"size-medium wp-image-164 aligncenter\" src=\"http:\/\/julia-arend-handgestrickt.de\/wp-content\/uploads\/2018\/03\/P1120949-20160310-073343376-300x160.jpg\" alt=\"\" width=\"300\" height=\"160\" srcset=\"https:\/\/julia-arend-handgestrickt.de\/wp-content\/uploads\/2018\/03\/P1120949-20160310-073343376-300x160.jpg 300w, https:\/\/julia-arend-handgestrickt.de\/wp-content\/uploads\/2018\/03\/P1120949-20160310-073343376-768x410.jpg 768w, https:\/\/julia-arend-handgestrickt.de\/wp-content\/uploads\/2018\/03\/P1120949-20160310-073343376.jpg 1024w\" sizes=\"(max-width: 300px) 100vw, 300px\" \/><\/p>\n<p><img decoding=\"async\" loading=\"lazy\" class=\"size-medium wp-image-165 aligncenter\" src=\"http:\/\/julia-arend-handgestrickt.de\/wp-content\/uploads\/2018\/03\/P1120946-20160310-073343346-300x225.jpg\" alt=\"\" width=\"300\" height=\"225\" srcset=\"https:\/\/julia-arend-handgestrickt.de\/wp-content\/uploads\/2018\/03\/P1120946-20160310-073343346-300x225.jpg 300w, https:\/\/julia-arend-handgestrickt.de\/wp-content\/uploads\/2018\/03\/P1120946-20160310-073343346-768x576.jpg 768w, https:\/\/julia-arend-handgestrickt.de\/wp-content\/uploads\/2018\/03\/P1120946-20160310-073343346.jpg 1024w\" sizes=\"(max-width: 300px) 100vw, 300px\" \/><\/p>\n","protected":false},"excerpt":{"rendered":"<p>Bislang habe ich nur mit Ostereierfarben Wolle gef\u00e4rbt. Und zwar haupts\u00e4chlich fertiges Garn. Die Farben zu kombinieren macht gro\u00dfen Spa\u00df. Auch hier war meine Lieblingsfarbe &#8211; unschwer zu erkennen &#8211; bunt. Und zwar je bunter, desto besser. &nbsp; Und ja, die Regenbogenm\u00e4use haben sich gar nicht mehr eingekriegt, und sofort ein Farb-Bad genommen&#8230;.. man g\u00f6nnt &hellip; <a href=\"https:\/\/julia-arend-handgestrickt.de\/?p=155\" class=\"more-link\"><span class=\"screen-reader-text\">Wolle f\u00e4rben &#8211; das Spiel mit den Farben<\/span> weiterlesen <span class=\"meta-nav\">&rarr;<\/span><\/a><\/p>\n","protected":false},"author":2,"featured_media":0,"comment_status":"open","ping_status":"open","sticky":false,"template":"","format":"standard","meta":[],"categories":[13,11,12],"tags":[],"_links":{"self":[{"href":"https:\/\/julia-arend-handgestrickt.de\/index.php?rest_route=\/wp\/v2\/posts\/155"}],"collection":[{"href":"https:\/\/julia-arend-handgestrickt.de\/index.php?rest_route=\/wp\/v2\/posts"}],"about":[{"href":"https:\/\/julia-arend-handgestrickt.de\/index.php?rest_route=\/wp\/v2\/types\/post"}],"author":[{"embeddable":true,"href":"https:\/\/julia-arend-handgestrickt.de\/index.php?rest_route=\/wp\/v2\/users\/2"}],"replies":[{"embeddable":true,"href":"https:\/\/julia-arend-handgestrickt.de\/index.php?rest_route=%2Fwp%2Fv2%2Fcomments&post=155"}],"version-history":[{"count":1,"href":"https:\/\/julia-arend-handgestrickt.de\/index.php?rest_route=\/wp\/v2\/posts\/155\/revisions"}],"predecessor-version":[{"id":166,"href":"https:\/\/julia-arend-handgestrickt.de\/index.php?rest_route=\/wp\/v2\/posts\/155\/revisions\/166"}],"wp:attachment":[{"href":"https:\/\/julia-arend-handgestrickt.de\/index.php?rest_route=%2Fwp%2Fv2%2Fmedia&parent=155"}],"wp:term":[{"taxonomy":"category","embeddable":true,"href":"https:\/\/julia-arend-handgestrickt.de\/index.php?rest_route=%2Fwp%2Fv2%2Fcategories&post=155"},{"taxonomy":"post_tag","embeddable":true,"href":"https:\/\/julia-arend-handgestrickt.de\/index.php?rest_route=%2Fwp%2Fv2%2Ftags&post=155"}],"curies":[{"name":"wp","href":"https:\/\/api.w.org\/{rel}","templated":true}]}}