{"id":151,"date":"2018-03-04T13:50:49","date_gmt":"2018-03-04T13:50:49","guid":{"rendered":"http:\/\/julia-arend-handgestrickt.de\/?p=151"},"modified":"2018-03-04T13:50:49","modified_gmt":"2018-03-04T13:50:49","slug":"haekeln-die-neue-leidenschaft","status":"publish","type":"post","link":"https:\/\/julia-arend-handgestrickt.de\/?p=151","title":{"rendered":"H\u00e4keln &#8211; die neue Leidenschaft"},"content":{"rendered":"<p>Ich h\u00e4tte es nie gedacht, aber inzwischen h\u00e4kele ich genauso gerne, wie ich stricke.<\/p>\n<p>Am liebsten knallbunt. Auch hier sind schon so einige Decken entstanden.<\/p>\n<p><img decoding=\"async\" loading=\"lazy\" class=\"size-medium wp-image-152 aligncenter\" src=\"http:\/\/julia-arend-handgestrickt.de\/wp-content\/uploads\/2018\/03\/Kalender-05-20151102-191309381-300x225.jpg\" alt=\"\" width=\"300\" height=\"225\" srcset=\"https:\/\/julia-arend-handgestrickt.de\/wp-content\/uploads\/2018\/03\/Kalender-05-20151102-191309381-300x225.jpg 300w, https:\/\/julia-arend-handgestrickt.de\/wp-content\/uploads\/2018\/03\/Kalender-05-20151102-191309381-768x576.jpg 768w, https:\/\/julia-arend-handgestrickt.de\/wp-content\/uploads\/2018\/03\/Kalender-05-20151102-191309381-1024x768.jpg 1024w\" sizes=\"(max-width: 300px) 100vw, 300px\" \/><\/p>\n<p>Die Farben machen schon bei der Herstellung der Decken gute Laune und die bleibt auch beim Drunterkuscheln oder verschenken.<\/p>\n","protected":false},"excerpt":{"rendered":"<p>Ich h\u00e4tte es nie gedacht, aber inzwischen h\u00e4kele ich genauso gerne, wie ich stricke. Am liebsten knallbunt. Auch hier sind schon so einige Decken entstanden. Die Farben machen schon bei der Herstellung der Decken gute Laune und die bleibt auch beim Drunterkuscheln oder verschenken.<\/p>\n","protected":false},"author":2,"featured_media":0,"comment_status":"open","ping_status":"open","sticky":false,"template":"","format":"standard","meta":[],"categories":[7,9],"tags":[],"_links":{"self":[{"href":"https:\/\/julia-arend-handgestrickt.de\/index.php?rest_route=\/wp\/v2\/posts\/151"}],"collection":[{"href":"https:\/\/julia-arend-handgestrickt.de\/index.php?rest_route=\/wp\/v2\/posts"}],"about":[{"href":"https:\/\/julia-arend-handgestrickt.de\/index.php?rest_route=\/wp\/v2\/types\/post"}],"author":[{"embeddable":true,"href":"https:\/\/julia-arend-handgestrickt.de\/index.php?rest_route=\/wp\/v2\/users\/2"}],"replies":[{"embeddable":true,"href":"https:\/\/julia-arend-handgestrickt.de\/index.php?rest_route=%2Fwp%2Fv2%2Fcomments&post=151"}],"version-history":[{"count":2,"href":"https:\/\/julia-arend-handgestrickt.de\/index.php?rest_route=\/wp\/v2\/posts\/151\/revisions"}],"predecessor-version":[{"id":154,"href":"https:\/\/julia-arend-handgestrickt.de\/index.php?rest_route=\/wp\/v2\/posts\/151\/revisions\/154"}],"wp:attachment":[{"href":"https:\/\/julia-arend-handgestrickt.de\/index.php?rest_route=%2Fwp%2Fv2%2Fmedia&parent=151"}],"wp:term":[{"taxonomy":"category","embeddable":true,"href":"https:\/\/julia-arend-handgestrickt.de\/index.php?rest_route=%2Fwp%2Fv2%2Fcategories&post=151"},{"taxonomy":"post_tag","embeddable":true,"href":"https:\/\/julia-arend-handgestrickt.de\/index.php?rest_route=%2Fwp%2Fv2%2Ftags&post=151"}],"curies":[{"name":"wp","href":"https:\/\/api.w.org\/{rel}","templated":true}]}}